{"id":202681,"date":"2024-06-26T15:08:01","date_gmt":"2024-06-26T13:08:01","guid":{"rendered":"https:\/\/www.messinaoggi.it\/website\/2024\/06\/26\/mark-rutte-nominato-nuovo-segretario-generale-della-nato\/"},"modified":"2024-06-26T15:08:01","modified_gmt":"2024-06-26T13:08:01","slug":"mark-rutte-nominato-nuovo-segretario-generale-della-nato","status":"publish","type":"post","link":"https:\/\/www.messinaoggi.it\/website\/2024\/06\/26\/mark-rutte-nominato-nuovo-segretario-generale-della-nato\/","title":{"rendered":"Mark Rutte nominato nuovo segretario generale della Nato"},"content":{"rendered":"<div>BRUXELLES (BELGIO) (ITALPRESS) &#8211; Il Consiglio Nord Atlantico ha deciso di nominare il primo ministro olandese Mark Rutte, come prossimo segretario generale della Nato, succedendo a Jens Stoltenberg. Rutte assumer\u00e0 le sue funzioni dal primo ottobre, quando il mandato di Stoltenberg scadr\u00e0 dopo dieci anni alla guida dell&#8217;Alleanza. &#8220;E&#8217; un immenso onore essere nominato segretario generale della Nato. L&#8217;Alleanza \u00e8 e rimarr\u00e0 la pietra angolare della nostra sicurezza collettiva. Guidare questa organizzazione \u00e8 una responsabilit\u00e0 che non prendo alla leggera. Sono grato a tutti gli alleati per aver riposto in me la loro fiducia. Non vedo l&#8217;ora di assumere l&#8217;incarico con grande vigore in ottobre, come successore di Jens Stoltenberg, che ha fornito alla Nato una leadership eccezionale negli ultimi 10 anni e per il quale ho sempre nutrito grande ammirazione&#8221;, ha commentato su X il premier olandese.<br \/>\n(ITALPRESS).<br \/>\n&#8211; Foto: Agenzia Fotogramma &#8211;<\/div>\n<div id=\"div-gpt-ad-Messinaoggi.it-DSK-300x250-corpoart\" style=\"text-align:center;margin:0 auto;\"><\/div><\/p><div id=\"videoincontent\" style=\"clear:both\";><\/div>","protected":false},"excerpt":{"rendered":"<p>BRUXELLES (BELGIO) (ITALPRESS) &#8211; Il Consiglio Nord Atlantico ha deciso di nominare il primo ministro olandese Mark Rutte, come prossimo segretario generale della Nato, succedendo a Jens Stoltenberg. Rutte assumer\u00e0 le sue funzioni dal primo ottobre, quando il mandato di Stoltenberg scadr\u00e0 dopo dieci anni alla guida dell&#8217;Alleanza. &#8220;E&#8217; un immenso onore essere nominato segretario [&hellip;]<\/p>\n","protected":false},"author":18,"featured_media":202682,"comment_status":"closed","ping_status":"closed","sticky":false,"template":"","format":"standard","meta":{"ub_ctt_via":"","_mi_skip_tracking":false},"categories":[446],"tags":[783],"featured_image_src":"https:\/\/www.messinaoggi.it\/website\/wp-content\/uploads\/2024\/06\/20240626_0323.jpg","author_info":{"display_name":"Admin","author_link":"https:\/\/www.messinaoggi.it\/website\/author\/admin\/"},"digistream_id":0,"digistream":false,"_links":{"self":[{"href":"https:\/\/www.messinaoggi.it\/website\/wp-json\/wp\/v2\/posts\/202681"}],"collection":[{"href":"https:\/\/www.messinaoggi.it\/website\/wp-json\/wp\/v2\/posts"}],"about":[{"href":"https:\/\/www.messinaoggi.it\/website\/wp-json\/wp\/v2\/types\/post"}],"author":[{"embeddable":true,"href":"https:\/\/www.messinaoggi.it\/website\/wp-json\/wp\/v2\/users\/18"}],"replies":[{"embeddable":true,"href":"https:\/\/www.messinaoggi.it\/website\/wp-json\/wp\/v2\/comments?post=202681"}],"version-history":[{"count":0,"href":"https:\/\/www.messinaoggi.it\/website\/wp-json\/wp\/v2\/posts\/202681\/revisions"}],"wp:featuredmedia":[{"embeddable":true,"href":"https:\/\/www.messinaoggi.it\/website\/wp-json\/wp\/v2\/media\/202682"}],"wp:attachment":[{"href":"https:\/\/www.messinaoggi.it\/website\/wp-json\/wp\/v2\/media?parent=202681"}],"wp:term":[{"taxonomy":"category","embeddable":true,"href":"https:\/\/www.messinaoggi.it\/website\/wp-json\/wp\/v2\/categories?post=202681"},{"taxonomy":"post_tag","embeddable":true,"href":"https:\/\/www.messinaoggi.it\/website\/wp-json\/wp\/v2\/tags?post=202681"}],"curies":[{"name":"wp","href":"https:\/\/api.w.org\/{rel}","templated":true}]}}