{"id":20267,"date":"2018-06-05T12:48:28","date_gmt":"2018-06-05T10:48:28","guid":{"rendered":"http:\/\/www.messinaoggi.it\/website\/?p=20267"},"modified":"2018-06-05T12:48:28","modified_gmt":"2018-06-05T10:48:28","slug":"fujifilm-x-vision-tour-per-conoscere-il-mondo-dellimmagine-a-360","status":"publish","type":"post","link":"https:\/\/www.messinaoggi.it\/website\/2018\/06\/05\/fujifilm-x-vision-tour-per-conoscere-il-mondo-dellimmagine-a-360\/","title":{"rendered":"Fujifilm X &#8211; Vision Tour. Per conoscere il mondo dell&#039;immagine a 360\u00b0"},"content":{"rendered":"<p>Approda a Catania il<strong> Fujifilm X-Vision Tour,<\/strong> l\u2019evento istituzionale Fujifilm, dedicato alla fotografia e al video, che mira a \u00a0coinvolgere il pubblico in riflessioni sul mondo dell\u2019immagine e per approfondimenti su tecniche e nuove tendenze, stili e linguaggi.<br \/>\nLa tappa catanese, \u00a0che prender\u00e0\u00a0 il via sabato 16 <strong>\u00a0presso <\/strong>lo spazio multifunzionale<strong> SAL,<\/strong> sar\u00e0 inaugurata da un tavolo tecnico dal titolo <em>\u201cAl cinema con Fujifilm\u201d <\/em>tenuto dagli <strong>specialisti di Villaggio Tutto Digitale, <\/strong>il laboratorio creativo della rinomata rivista Tutto Digitale, per approfondire la grammatica di base del linguaggio cinematografico e i giusti accorgimenti di ripresa con fotocamere mirrorless. Si proseguir\u00e0 poi con il seminario dal titolo <em>\u201cRealizzare un long term project\u201d<\/em> di <strong>Alessandro Penso<\/strong>, fotografo impegnato da anni sul tema dei migranti in Europa, che approfondir\u00e0 come raccontare una storia, la fase di studio, la finalizzazione e l\u2019utilizzo del reportage.<br \/>\nSeguir\u00e0 <strong>Fabio Lovino<\/strong>, fotografo di scena e moda, porter\u00e0 i partecipanti alla scoperta del mondo della fotografia di scena all\u2019interno di teatri, live tour rock, produzioni, con il seminario <em>\u201cVisioni dentro e fuori il set\u201d<\/em>. Per uno sguardo che va oltre l\u2019immagine scattata, la fotografa e artista <strong>Sara Lando<\/strong> terr\u00e0 un incontro dal titolo <em>\u201cMixed Media\u201d<\/em>, una fotografia non finisce nel momento in cui viene premuto il pulsante di scatto e non tutta la post produzione passa necessariamente attraverso un computer: l\u2019alterazione fisica delle stampe e l\u2019uso di materiali alternativi (cartone, vernice, colla, spago) permette di creare immagini originali e interessanti, alla portata di tutti.<br \/>\nPer prendere confidenza con GFX50S, per approfondire operativit\u00e0 ed espandibilit\u00e0 del sistema medio formato di Fujifilm, <strong>Gianluca Catzeddu<\/strong>, Adobe Certified Expert per Photoshop e Adobeguru, e <strong>Fabio Savagnone<\/strong>, fotografo fine art e di pubblicit\u00e0, terranno un seminario dal titolo \u201c<em>Scatto, acquisizione e postproduzione con il medio formato Fujifilm<\/em><em>\u201d<\/em>.<br \/>\nAncora, <strong>Francesco Pistilli, <\/strong>fotogiornalista e vincitore del WPP 2018, con il seminario <em>\u201cIl fotogiornalismo nell\u2019era di Instagram\u201d<\/em>, racconter\u00e0 di come i social media stiano cambiando in modo profondo il fotogiornalismo contemporaneo. Inoltre, per scoprire i trucchi del mestiere, in pi\u00f9 momenti della giornata, <strong>l\u2019X-Photographer Max Angeloni, <\/strong>fotografo di fotoromanzi e di moda<strong>, <\/strong>gestir\u00e0 il workshop dal titolo <em>\u201cIlluminotecnica<\/em>\u201d, per imparare a fotografare la figura umana in luce naturale, luce ambiente e luce artificiale.<br \/>\nSaranno poi allestite tre <strong>postazioni tecniche<\/strong>, una per la <strong>Serie X<\/strong>, una per il video con la nuova <strong>X-H1 e le ottiche cinema MKX<\/strong> e un\u2019ultima per il sistema medio formato <strong>GFX<\/strong>. In ognuna di queste aree si potr\u00e0 incontrare lo <strong>staff tecnico Fujifilm <\/strong>che sar\u00e0 a disposizione per illustrare le peculiarit\u00e0 dei diversi sistemi e dare consigli sulle migliori modalit\u00e0 di utilizzo.<br \/>\nInfine, \u00a0completeranno l\u2019evento tre progetti autoriali in mostra.<br \/>\n\u201c<strong>Maiora Premunt<\/strong>\u201d, un progetto personale del fotografo <strong>Matteo Bastianelli<\/strong>, realizzato lungo l\u2019Appennino centrale, che documenta l\u2019alterazione della vita sociale e del concetto di \u201ccomunit\u00e0\u201d nel dopo sisma dei borghi medievali italiani.<br \/>\n\u201c<strong>Portrait Insight<\/strong>\u201d di <strong>Stefano Guindani<\/strong>. Lo sguardo e la creativit\u00e0 di uno dei fotografi pi\u00f9 eclettici e apprezzati del panorama italiano ed internazionale.<br \/>\n<strong>\u201cCent\u2019anni dopo. Ricordi di guerra, sguardi di pace\u201d <\/strong>progetto corale, in collaborazione con <strong>Trentino Marketing,<\/strong> che ha coinvolto i fotografi <strong>Giulia Bianchi, Luciano Gaudenzio, Daniele Lira, Pierluigi Orler, ed il videomaker Gianluca Colla<\/strong>. <strong>FUJIFILM ITALIA<\/strong> ha chiamato cinque professionisti dell\u2019immagine per realizzare una mostra articolata ed eterogenea su uno degli avvenimenti pi\u00f9 tragici del nostro passato e che assicura il ripercorrere della storia, di uno spaccato cupo del nostro passato prossimo in piena dialettica, se non in antitesi, con il presente e la fruizione che oggi si fa di questi luoghi magnifici.<br \/>\nUn evento da non perdere, dunque, per lasciarsi catturare dal mondo dell\u2019immagine a tutto tondo.<br \/>\n <br \/>\n <br \/>\n <div id=\"div-gpt-ad-Messinaoggi.it-DSK-300x250-corpoart\" style=\"text-align:center;margin:0 auto;\"><\/div><\/p>\n<div id=\"videoincontent\" style=\"clear:both\";><\/div>","protected":false},"excerpt":{"rendered":"<p>Approda a Catania il Fujifilm X-Vision Tour, l\u2019evento istituzionale Fujifilm, dedicato alla fotografia e al video, che mira a \u00a0coinvolgere il pubblico in riflessioni sul mondo dell\u2019immagine e per approfondimenti su tecniche e nuove tendenze, stili e linguaggi. La tappa catanese, \u00a0che prender\u00e0\u00a0 il via sabato 16 \u00a0presso lo spazio multifunzionale SAL, sar\u00e0 inaugurata da [&hellip;]<\/p>\n","protected":false},"author":5,"featured_media":20268,"comment_status":"closed","ping_status":"open","sticky":false,"template":"","format":"standard","meta":{"ub_ctt_via":"","_mi_skip_tracking":false},"categories":[16],"tags":[],"featured_image_src":"https:\/\/www.messinaoggi.it\/website\/wp-content\/uploads\/2018\/06\/X_VISION-Catania_2-1.jpg","author_info":{"display_name":"Maria Antonella Saia","author_link":"https:\/\/www.messinaoggi.it\/website\/author\/m-saia\/"},"digistream_id":0,"digistream":false,"_links":{"self":[{"href":"https:\/\/www.messinaoggi.it\/website\/wp-json\/wp\/v2\/posts\/20267"}],"collection":[{"href":"https:\/\/www.messinaoggi.it\/website\/wp-json\/wp\/v2\/posts"}],"about":[{"href":"https:\/\/www.messinaoggi.it\/website\/wp-json\/wp\/v2\/types\/post"}],"author":[{"embeddable":true,"href":"https:\/\/www.messinaoggi.it\/website\/wp-json\/wp\/v2\/users\/5"}],"replies":[{"embeddable":true,"href":"https:\/\/www.messinaoggi.it\/website\/wp-json\/wp\/v2\/comments?post=20267"}],"version-history":[{"count":0,"href":"https:\/\/www.messinaoggi.it\/website\/wp-json\/wp\/v2\/posts\/20267\/revisions"}],"wp:featuredmedia":[{"embeddable":true,"href":"https:\/\/www.messinaoggi.it\/website\/wp-json\/wp\/v2\/media\/20268"}],"wp:attachment":[{"href":"https:\/\/www.messinaoggi.it\/website\/wp-json\/wp\/v2\/media?parent=20267"}],"wp:term":[{"taxonomy":"category","embeddable":true,"href":"https:\/\/www.messinaoggi.it\/website\/wp-json\/wp\/v2\/categories?post=20267"},{"taxonomy":"post_tag","embeddable":true,"href":"https:\/\/www.messinaoggi.it\/website\/wp-json\/wp\/v2\/tags?post=20267"}],"curies":[{"name":"wp","href":"https:\/\/api.w.org\/{rel}","templated":true}]}}