{"id":202657,"date":"2024-06-26T13:08:04","date_gmt":"2024-06-26T11:08:04","guid":{"rendered":"https:\/\/www.messinaoggi.it\/website\/2024\/06\/26\/anas-parte-dal-lazio-il-progetto-digital-per-le-attivita-sul-territorio\/"},"modified":"2024-06-26T13:08:04","modified_gmt":"2024-06-26T11:08:04","slug":"anas-parte-dal-lazio-il-progetto-digital-per-le-attivita-sul-territorio","status":"publish","type":"post","link":"https:\/\/www.messinaoggi.it\/website\/2024\/06\/26\/anas-parte-dal-lazio-il-progetto-digital-per-le-attivita-sul-territorio\/","title":{"rendered":"Anas, parte dal Lazio il progetto digital per le attivit\u00e0 sul territorio"},"content":{"rendered":"<div>ROMA (ITALPRESS) &#8211; Prende il via il nuovo progetto digital di Anas per approfondire e conoscere pi\u00f9 da vicino le attivit\u00e0 quotidiane svolte da ingegneri, geometri, operai e cantonieri lungo le strade di competenza. Si tratta di un viaggio sulla rete stradale e autostradale di competenza, per testimoniare l&#8217;impegno che quotidianamente il personale Anas mette nella gestione e nella manutenzione delle strade, i progetti di completamento e potenziamento dei grandi itinerari, per un&#8217;Italia sempre pi\u00f9 connessa. Un racconto a puntate che nei prossimi mesi toccher\u00e0 tutte le strutture territoriali di Anas, attraverso le interviste ai tecnici e responsabili dei cantieri e le immagini suggestive del territorio, delle nuove opere in costruzione \u00a0e dei lavori di manutenzione in corso. &#8220;Anas lavora ogni giorno sulla sua rete stradale a autostradale di oltre 32mila chilometri, per garantire viabilit\u00e0 e sicurezza in tutto il Paese &#8211; ha dichiarato l&#8217;Amministratore delegato Aldo Isi &#8211; la nostra attenzione alle infrastrutture del territorio \u00e8 strategica e si fonda sull&#8217;impegno quotidiano e le competenze dei nostri 7.600 uomini e donne, i cantonieri in primis. Ogni realt\u00e0 regionale e provinciale attraversata dalle nostre arterie deve avere la massima attenzione&#8221;. <br \/>La prima puntata, presente da oggi, mercoled\u00ec 26 giugno, sulla piattaforma digital e social della societ\u00e0, \u00e8 stata girata nella regione Lazio dove \u00e8 attivo l&#8217;impegno per implementare i collegamenti arricchendo continuamente la propria rete.<br \/>Nella regione Lazio, Anas gestisce e monitora una rete stradale strategica: oltre 1.200 chilometri di strade e autostrade che raggiungono tutte le aree della regione, dalla costa alle zone interne, e assicurano i collegamenti con Roma e con i grandi itinerari.<br \/>In questa prima puntata interverranno gli ingegneri Marco Moladori (Responsabile Struttura Territoriale Lazio), Paolo Nardocci (Responsabile Nuove Opere), Alessandro Malizia (Responsabile Struttura Giubileo 2025) e i Direttori Lavori di alcune delle principali opere nella regione, che andranno ad illustrare i seguenti temi: il presidio costante del personale Anas su tutta la rete in gestione, a partire dal Grande Raccordo Anulare e dall&#8217;autostrada Roma-Fiumicino, per garantire una viabilit\u00e0 sicura e il pronto intervento in caso di emergenza; gli investimenti crescenti nella manutenzione, con l&#8217;obiettivo di migliorare gli standard di sicurezza e il comfort di guida; i lavori per il potenziamento delle principali direttrici, con focus dedicati alla statale 4 &#8220;Salaria&#8221; e al completamento della Trasversale Orte Civitavecchia; i progetti speciali, come i lavori di Anas per il Giubileo 2025.<div id=\"div-gpt-ad-Messinaoggi.it-DSK-300x250-corpoart\" style=\"text-align:center;margin:0 auto;\"><\/div><\/p>\n<p>&#8211; foto ufficio stampa Anas &#8211;<br \/>(ITALPRESS).<\/div>\n<div id=\"videoincontent\" style=\"clear:both\";><\/div>","protected":false},"excerpt":{"rendered":"<p>ROMA (ITALPRESS) &#8211; Prende il via il nuovo progetto digital di Anas per approfondire e conoscere pi\u00f9 da vicino le attivit\u00e0 quotidiane svolte da ingegneri, geometri, operai e cantonieri lungo le strade di competenza. Si tratta di un viaggio sulla rete stradale e autostradale di competenza, per testimoniare l&#8217;impegno che quotidianamente il personale Anas mette [&hellip;]<\/p>\n","protected":false},"author":18,"featured_media":202658,"comment_status":"closed","ping_status":"closed","sticky":false,"template":"","format":"standard","meta":{"ub_ctt_via":"","_mi_skip_tracking":false},"categories":[446],"tags":[783],"featured_image_src":"https:\/\/www.messinaoggi.it\/website\/wp-content\/uploads\/2024\/06\/20240626_0219.jpg","author_info":{"display_name":"Admin","author_link":"https:\/\/www.messinaoggi.it\/website\/author\/admin\/"},"digistream_id":0,"digistream":false,"_links":{"self":[{"href":"https:\/\/www.messinaoggi.it\/website\/wp-json\/wp\/v2\/posts\/202657"}],"collection":[{"href":"https:\/\/www.messinaoggi.it\/website\/wp-json\/wp\/v2\/posts"}],"about":[{"href":"https:\/\/www.messinaoggi.it\/website\/wp-json\/wp\/v2\/types\/post"}],"author":[{"embeddable":true,"href":"https:\/\/www.messinaoggi.it\/website\/wp-json\/wp\/v2\/users\/18"}],"replies":[{"embeddable":true,"href":"https:\/\/www.messinaoggi.it\/website\/wp-json\/wp\/v2\/comments?post=202657"}],"version-history":[{"count":0,"href":"https:\/\/www.messinaoggi.it\/website\/wp-json\/wp\/v2\/posts\/202657\/revisions"}],"wp:featuredmedia":[{"embeddable":true,"href":"https:\/\/www.messinaoggi.it\/website\/wp-json\/wp\/v2\/media\/202658"}],"wp:attachment":[{"href":"https:\/\/www.messinaoggi.it\/website\/wp-json\/wp\/v2\/media?parent=202657"}],"wp:term":[{"taxonomy":"category","embeddable":true,"href":"https:\/\/www.messinaoggi.it\/website\/wp-json\/wp\/v2\/categories?post=202657"},{"taxonomy":"post_tag","embeddable":true,"href":"https:\/\/www.messinaoggi.it\/website\/wp-json\/wp\/v2\/tags?post=202657"}],"curies":[{"name":"wp","href":"https:\/\/api.w.org\/{rel}","templated":true}]}}