{"id":202655,"date":"2024-06-26T13:08:03","date_gmt":"2024-06-26T11:08:03","guid":{"rendered":"https:\/\/www.messinaoggi.it\/website\/2024\/06\/26\/meloni-leuropa-deve-fare-meno-e-meglio\/"},"modified":"2024-06-26T13:08:03","modified_gmt":"2024-06-26T11:08:03","slug":"meloni-leuropa-deve-fare-meno-e-meglio","status":"publish","type":"post","link":"https:\/\/www.messinaoggi.it\/website\/2024\/06\/26\/meloni-leuropa-deve-fare-meno-e-meglio\/","title":{"rendered":"Meloni \u201cL\u2019Europa deve fare meno e meglio\u201d"},"content":{"rendered":"<div>ROMA (ITALPRESS) &#8211; &#8220;Quello che l&#8217;Ue ha di fronte oggi \u00e8 un compito molto arduo, deve ripensare alle sue priorit\u00e0, deve riscoprire il suo ruolo nella storia. Continuo a ritenere che la risposta a questo declino sia nella necessit\u00e0 di fare meno e di fare meglio&#8221;. Cos\u00ec il presidente del Consiglio, Giorgia Meloni, nel corso delle comunicazioni in vista della riunione del Consiglio europeo del 27 e 28 giugno. &#8220;Tutte le forze politiche hanno parlato della necessit\u00e0 di un cambiamento, nessuno si \u00e8 presentato agli elettori dicendo che l&#8217;Ue andasse bene cos\u00ec, tutti hanno concordato che l&#8217;Ue deve intraprendere una direzione diversa. Questo posizionamento \u00e8 frutto di una consapevolezza confermata dal voto dei cittadini&#8221;, ha aggiunto. Secondo Meloni &#8220;le istituzioni europee in passato non sono mai state pensate in una logica di maggioranza e opposizione ma in una logica neutrale, cos\u00ec gli incarichi apicali sono stati affidati indipendentemente da logiche di maggioranza e opposizione perch\u00e8 si materializza in Parlamento. Oggi si sceglie di aprire uno scenario nuovo e la logica del consenso viene scavalcata dalla logica dei caminetti. L&#8217;errore che si sta per compiere con questa logica \u00e8 un errore importante per un&#8217;Europa che non sembra comprendere la sfida che ha di fronte, oppure che la comprende ma preferisce dare priorit\u00e0 ad altro&#8221;. Il premier ha quindi sottolinetato come &#8220;i cittadini hanno detto chiaramente qual \u00e8 il modello che preferiscono tra l&#8217;Ue dei compromessi a ribasso e le sfide al rialzo. Se c&#8217;\u00e8 un dato indiscutibile \u00e8 la bocciatura delle politiche portate avanti dalle forze dei governi in molte nazioni europee. C&#8217;\u00e8 anche chi sostiene che i cittadini non siano abbastanza maturi per prendere decisioni e che l&#8217;oligarchia sia in fondo la sola forma accettabile di democrazia, ma io non sono di questo avviso, ho combattuto questo principio surreale in Italia e lo faremo anche in Ue. Sono convinta che il popolo abbia sempre ragione e che sia dovere di chiunque seguire le indicazioni che vengono dai cittadini, non conosco alternative alla democrazia e mi batter\u00f2 sempre contro chi vorrebbe sublimare una visione oligarchica e tecnocratica della politica e della societ\u00e0&#8221;, ha concluso Meloni.<br \/>\n(ITALPRESS).<br \/>\n&#8211; Foto: Agenzia Fotogramma &#8211;<\/div>\n<div id=\"div-gpt-ad-Messinaoggi.it-DSK-300x250-corpoart\" style=\"text-align:center;margin:0 auto;\"><\/div><\/p><div id=\"videoincontent\" style=\"clear:both\";><\/div>","protected":false},"excerpt":{"rendered":"<p>ROMA (ITALPRESS) &#8211; &#8220;Quello che l&#8217;Ue ha di fronte oggi \u00e8 un compito molto arduo, deve ripensare alle sue priorit\u00e0, deve riscoprire il suo ruolo nella storia. Continuo a ritenere che la risposta a questo declino sia nella necessit\u00e0 di fare meno e di fare meglio&#8221;. Cos\u00ec il presidente del Consiglio, Giorgia Meloni, nel corso [&hellip;]<\/p>\n","protected":false},"author":18,"featured_media":202656,"comment_status":"closed","ping_status":"closed","sticky":false,"template":"","format":"standard","meta":{"ub_ctt_via":"","_mi_skip_tracking":false},"categories":[446],"tags":[783],"featured_image_src":"https:\/\/www.messinaoggi.it\/website\/wp-content\/uploads\/2024\/06\/20240626_0155.jpg","author_info":{"display_name":"Admin","author_link":"https:\/\/www.messinaoggi.it\/website\/author\/admin\/"},"digistream_id":0,"digistream":false,"_links":{"self":[{"href":"https:\/\/www.messinaoggi.it\/website\/wp-json\/wp\/v2\/posts\/202655"}],"collection":[{"href":"https:\/\/www.messinaoggi.it\/website\/wp-json\/wp\/v2\/posts"}],"about":[{"href":"https:\/\/www.messinaoggi.it\/website\/wp-json\/wp\/v2\/types\/post"}],"author":[{"embeddable":true,"href":"https:\/\/www.messinaoggi.it\/website\/wp-json\/wp\/v2\/users\/18"}],"replies":[{"embeddable":true,"href":"https:\/\/www.messinaoggi.it\/website\/wp-json\/wp\/v2\/comments?post=202655"}],"version-history":[{"count":0,"href":"https:\/\/www.messinaoggi.it\/website\/wp-json\/wp\/v2\/posts\/202655\/revisions"}],"wp:featuredmedia":[{"embeddable":true,"href":"https:\/\/www.messinaoggi.it\/website\/wp-json\/wp\/v2\/media\/202656"}],"wp:attachment":[{"href":"https:\/\/www.messinaoggi.it\/website\/wp-json\/wp\/v2\/media?parent=202655"}],"wp:term":[{"taxonomy":"category","embeddable":true,"href":"https:\/\/www.messinaoggi.it\/website\/wp-json\/wp\/v2\/categories?post=202655"},{"taxonomy":"post_tag","embeddable":true,"href":"https:\/\/www.messinaoggi.it\/website\/wp-json\/wp\/v2\/tags?post=202655"}],"curies":[{"name":"wp","href":"https:\/\/api.w.org\/{rel}","templated":true}]}}