{"id":20255,"date":"2018-06-05T08:21:50","date_gmt":"2018-06-05T06:21:50","guid":{"rendered":"http:\/\/www.messinaoggi.it\/website\/?p=20255"},"modified":"2018-06-05T08:21:50","modified_gmt":"2018-06-05T06:21:50","slug":"eleme-barrile-sui-giovani-abbiano-piu-spazio-dalla-politica","status":"publish","type":"post","link":"https:\/\/www.messinaoggi.it\/website\/2018\/06\/05\/eleme-barrile-sui-giovani-abbiano-piu-spazio-dalla-politica\/","title":{"rendered":"EleMe, Barrile sui giovani: &quot;Abbiano pi\u00f9 spazio dalla politica&quot;"},"content":{"rendered":"<p style=\"text-align: justify\">Un progetto per i giovani fatto dai giovani. \u00c8 necessario dare a chi rappresenta il futuro di Messina qualcosa in pi\u00f9 che il semplice diritto di replica. Vanno resi protagonisti delle scelte amministrative che ricadranno su di loro e sul domani della nostra citt\u00e0\u201d, cos\u00ec la Presidente del Consiglio Comunale e candidata sindaco con la lista LeAli-Progetto per Messina, Emilia Barrile, che ha inserito nel suo programma un intero punto dedicato ai pi\u00f9 giovani.<div id=\"div-gpt-ad-Messinaoggi.it-DSK-300x250-corpoart\" style=\"text-align:center;margin:0 auto;\"><\/div><\/p>\n<p style=\"text-align: justify\">\u201cUna delle proposte inserite nel nostro Progetto &#8211; spiega uno degli assessori designati, il 25enne Samuele Costa &#8211; prevede che sia realizzata una consulta dei giovani che coinvolga associazioni e gruppi organizzati che svolgono attivit\u00e0 sul territorio. Solo cos\u00ec, con un\u2019interfaccia costante, sar\u00e0 possibile avere un ascolto pressoch\u00e9 quotidiano delle istanze e dei progetti che la nostra generazione vuole proporre. Abbiamo gli strumenti per farlo: studiamo, viaggiamo, conosciamo luoghi e situazioni che ci piacerebbe vedere anche a casa nostra. Darci lo spazio per poter progettare una citt\u00e0 ideale integra un&#8217;iniziativa concreta da lodare, ed evidenziare a caratteri \u00a0cubitali, visto che un domani non troppo lontano \u00e8 proprio nelle nostre mani che si concentrer\u00e0 la facolt\u00e0 di gestire Messina. Lo faremo da politici, da professionisti, da classe dirigente del domani\u201d, prosegue.<div id=\"videoincontent\" style=\"clear:both\";><\/div><\/p>\n<p style=\"text-align: justify\">\u201cPersonalmente ho gi\u00e0 avuto modo di contattare diverse realt\u00e0 locali, associazioni riconosciute che sono attive in citt\u00e0, per proporre questa iniziativa, e ad oggi i feedback sono assolutamente positivi. Il nostro obiettivo non \u00e8 quello di fare emergere idee spot da dimenticare l\u201911 giugno, ma di costruire un percorso condiviso che metta in primo piano noi ragazzi con un ruolo da protagonisti&#8221;, conclude.<\/p>\n","protected":false},"excerpt":{"rendered":"<p>Un progetto per i giovani fatto dai giovani. \u00c8 necessario dare a chi rappresenta il futuro di Messina qualcosa in pi\u00f9 che il semplice diritto di replica. Vanno resi protagonisti delle scelte amministrative che ricadranno su di loro e sul domani della nostra citt\u00e0\u201d, cos\u00ec la Presidente del Consiglio Comunale e candidata sindaco con la [&hellip;]<\/p>\n","protected":false},"author":15,"featured_media":17968,"comment_status":"closed","ping_status":"open","sticky":false,"template":"","format":"standard","meta":{"ub_ctt_via":"","_mi_skip_tracking":false},"categories":[6],"tags":[],"featured_image_src":"https:\/\/www.messinaoggi.it\/website\/wp-content\/uploads\/2018\/04\/emilia-barrile-comune-sindaco_9829-1.jpg","author_info":{"display_name":"red.me","author_link":"https:\/\/www.messinaoggi.it\/website\/author\/red-me\/"},"digistream_id":0,"digistream":false,"_links":{"self":[{"href":"https:\/\/www.messinaoggi.it\/website\/wp-json\/wp\/v2\/posts\/20255"}],"collection":[{"href":"https:\/\/www.messinaoggi.it\/website\/wp-json\/wp\/v2\/posts"}],"about":[{"href":"https:\/\/www.messinaoggi.it\/website\/wp-json\/wp\/v2\/types\/post"}],"author":[{"embeddable":true,"href":"https:\/\/www.messinaoggi.it\/website\/wp-json\/wp\/v2\/users\/15"}],"replies":[{"embeddable":true,"href":"https:\/\/www.messinaoggi.it\/website\/wp-json\/wp\/v2\/comments?post=20255"}],"version-history":[{"count":0,"href":"https:\/\/www.messinaoggi.it\/website\/wp-json\/wp\/v2\/posts\/20255\/revisions"}],"wp:featuredmedia":[{"embeddable":true,"href":"https:\/\/www.messinaoggi.it\/website\/wp-json\/wp\/v2\/media\/17968"}],"wp:attachment":[{"href":"https:\/\/www.messinaoggi.it\/website\/wp-json\/wp\/v2\/media?parent=20255"}],"wp:term":[{"taxonomy":"category","embeddable":true,"href":"https:\/\/www.messinaoggi.it\/website\/wp-json\/wp\/v2\/categories?post=20255"},{"taxonomy":"post_tag","embeddable":true,"href":"https:\/\/www.messinaoggi.it\/website\/wp-json\/wp\/v2\/tags?post=20255"}],"curies":[{"name":"wp","href":"https:\/\/api.w.org\/{rel}","templated":true}]}}