{"id":202529,"date":"2024-06-25T16:08:04","date_gmt":"2024-06-25T14:08:04","guid":{"rendered":"https:\/\/www.messinaoggi.it\/website\/2024\/06\/25\/da-banca-del-fucino-focus-su-germania-locomotiva-o-sick-man-of-europe\/"},"modified":"2024-06-25T16:08:04","modified_gmt":"2024-06-25T14:08:04","slug":"da-banca-del-fucino-focus-su-germania-locomotiva-o-sick-man-of-europe","status":"publish","type":"post","link":"https:\/\/www.messinaoggi.it\/website\/2024\/06\/25\/da-banca-del-fucino-focus-su-germania-locomotiva-o-sick-man-of-europe\/","title":{"rendered":"Da Banca del Fucino focus su Germania \u201cLocomotiva o Sick Man of Europe?\u201d"},"content":{"rendered":"<div>ROMA (ITALPRESS) &#8211; Banca del Fucino ha elaborato tramite il suo ufficio studi un&#8217;analisi di focus sulle prospettive dell&#8217;economia tedesca, dal titolo &#8220;Locomotiva d&#8217;Europa o Sick Man of Europe?&#8221;.<br \/>La ricerca, muovendo dalla performance modesta dell&#8217;economia tedesca nel contesto dell&#8217;Europa post-pandemica, si interroga sulla natura congiunturale o meno di tale debolezza. Per rispondere a questo interrogativo lo studio si sofferma sulla centralit\u00e0 del settore manifatturiero per l&#8217;economia tedesca e sulla sua forte dipendenza dal commercio estero. In questo contesto spicca il rilievo dell&#8217;interscambio con la Cina, che \u00e8 al tempo stesso un importante mercato di sbocco per i prodotti tedeschi, un fornitore di beni intermedi essenziali per l&#8217;economia tedesca, e &#8211; in misura crescente &#8211; un competitor diretto in svariati settori (quali automotive e prodotti elettronici). In tal modo la Germania risulta direttamente esposta sia all&#8217;andamento della domanda cinese, sia all&#8217;evoluzione dei rapporti commerciali UE-Cina, che appaiono oggi caratterizzati da un crescente ricorso a misure protezionistiche. <br \/>Sotto il profilo della competitivit\u00e0 dell&#8217;economia tedesca, in termini congiunturali ha avuto un forte rilievo nell&#8217;ultimo biennio l&#8217;impatto negativo dei costi dell&#8217;energia legati in particolare al conflitto russo-ucraino; allo stato attuale i prezzi sono lontani dai massimi registrati nel 2022, ma permangono elevati nel confronto storico. <br \/>Ulteriori fattori critici per la competitivit\u00e0 tedesca di medio periodo sono rappresentati dallo sfavorevole andamento demografico, dal recupero di competitivit\u00e0 di costo dei paesi &#8220;periferici&#8221; dell&#8217;eurozona avvenuto negli ultimi anni e tuttora in corso, nonch\u00e8 dall&#8217;andamento insoddisfacente degli investimenti pubblici in Germania nell&#8217;ultimo ventennio. <br \/>Alla luce di questi elementi \u00e8 lecito ritenere che la debolezza relativa dell&#8217;economia tedesca negli ultimi anni (nel primo trimestre del 2024 il Pil tedesco risultava superiore solo dello 0,3% rispetto ai livelli del 2019, contro una media dei paesi dell&#8217;area euro di circa il 3,2%) non rappresenti un fenomeno puramente congiunturale. Al contrario, pur dovendosi escludere scenari di recessione prolungata, \u00e8 probabile che l&#8217;economia della Germania continuer\u00e0 a registrare anche nel prossimo futuro tassi di crescita modesti sia con riferimento alla media degli ultimi due decenni che in un confronto storico di pi\u00f9 lungo periodo. <br \/>Questa ricerca sull&#8217;economia tedesca inaugura una serie di analisi di focus e trend macroeconomici che la Banca del Fucino realizzer\u00e0 con cadenza periodica.<div id=\"div-gpt-ad-Messinaoggi.it-DSK-300x250-corpoart\" style=\"text-align:center;margin:0 auto;\"><\/div><\/p>\n<p>&#8211; Foto Banca del Fucino &#8211;<div id=\"videoincontent\" style=\"clear:both\";><\/div><\/p>\n<p>(ITALPRESS).<\/p><\/div>\n","protected":false},"excerpt":{"rendered":"<p>ROMA (ITALPRESS) &#8211; Banca del Fucino ha elaborato tramite il suo ufficio studi un&#8217;analisi di focus sulle prospettive dell&#8217;economia tedesca, dal titolo &#8220;Locomotiva d&#8217;Europa o Sick Man of Europe?&#8221;.La ricerca, muovendo dalla performance modesta dell&#8217;economia tedesca nel contesto dell&#8217;Europa post-pandemica, si interroga sulla natura congiunturale o meno di tale debolezza. Per rispondere a questo interrogativo [&hellip;]<\/p>\n","protected":false},"author":18,"featured_media":202530,"comment_status":"closed","ping_status":"closed","sticky":false,"template":"","format":"standard","meta":{"ub_ctt_via":"","_mi_skip_tracking":false},"categories":[446],"tags":[783],"featured_image_src":"https:\/\/www.messinaoggi.it\/website\/wp-content\/uploads\/2024\/06\/20240625_0864.jpg","author_info":{"display_name":"Admin","author_link":"https:\/\/www.messinaoggi.it\/website\/author\/admin\/"},"digistream_id":0,"digistream":false,"_links":{"self":[{"href":"https:\/\/www.messinaoggi.it\/website\/wp-json\/wp\/v2\/posts\/202529"}],"collection":[{"href":"https:\/\/www.messinaoggi.it\/website\/wp-json\/wp\/v2\/posts"}],"about":[{"href":"https:\/\/www.messinaoggi.it\/website\/wp-json\/wp\/v2\/types\/post"}],"author":[{"embeddable":true,"href":"https:\/\/www.messinaoggi.it\/website\/wp-json\/wp\/v2\/users\/18"}],"replies":[{"embeddable":true,"href":"https:\/\/www.messinaoggi.it\/website\/wp-json\/wp\/v2\/comments?post=202529"}],"version-history":[{"count":0,"href":"https:\/\/www.messinaoggi.it\/website\/wp-json\/wp\/v2\/posts\/202529\/revisions"}],"wp:featuredmedia":[{"embeddable":true,"href":"https:\/\/www.messinaoggi.it\/website\/wp-json\/wp\/v2\/media\/202530"}],"wp:attachment":[{"href":"https:\/\/www.messinaoggi.it\/website\/wp-json\/wp\/v2\/media?parent=202529"}],"wp:term":[{"taxonomy":"category","embeddable":true,"href":"https:\/\/www.messinaoggi.it\/website\/wp-json\/wp\/v2\/categories?post=202529"},{"taxonomy":"post_tag","embeddable":true,"href":"https:\/\/www.messinaoggi.it\/website\/wp-json\/wp\/v2\/tags?post=202529"}],"curies":[{"name":"wp","href":"https:\/\/api.w.org\/{rel}","templated":true}]}}