{"id":202527,"date":"2024-06-25T16:08:02","date_gmt":"2024-06-25T14:08:02","guid":{"rendered":"https:\/\/www.messinaoggi.it\/website\/2024\/06\/25\/giornalisti-il-28-e-29-giugno-45-edizione-del-premio-ischia\/"},"modified":"2024-06-25T16:08:02","modified_gmt":"2024-06-25T14:08:02","slug":"giornalisti-il-28-e-29-giugno-45-edizione-del-premio-ischia","status":"publish","type":"post","link":"https:\/\/www.messinaoggi.it\/website\/2024\/06\/25\/giornalisti-il-28-e-29-giugno-45-edizione-del-premio-ischia\/","title":{"rendered":"Giornalisti, il 28 e 29 giugno 45\u00b0 edizione del Premio Ischia"},"content":{"rendered":"<div>ISCHIA (ITALPRESS) &#8211; Intelligenza artificiale, ricostruzione post terremoto, infrastrutture sportive e culturali per l&#8217;inclusione, conflitti internazionali: i temi al centro dei dibattiti che accompagnano la cerimonia di premiazione. <br \/>Aldo Cazzullo, vicedirettore de &#8220;Il Corriere della Sera&#8221; e autore della trasmissione televisiva &#8220;Una giornata particolare&#8221; \u00e8 il vincitore del Premio Ischia come giornalista dell&#8217;anno.<br \/>Monica Giandotti (Linea notte Tg3) vince il Premio Ischia per la Tv, Elena Pero (Sky sport) Premio Ischia per l&#8217;informazione sportiva.<br \/>Il premio Internazionale \u00e8 andato invece a Amy Khazim del Financial Times che attualmente si occupa di economia italiana, nonch\u00e8 di sfide ambientali e sociali. E&#8217; stata a lungo capo ufficio dell&#8217;Asia meridionale, ed ha vinto in passato numerosi riconoscimenti,  tra cui Human Right Press Awards.<br \/>Maria Chiara Aulisio, caposervizio del quotidiano &#8220;Il Mattino&#8221;, \u00e8 la vincitrice del premio speciale &#8220;Ischia&#8221;. <br \/>Da quest&#8217;anno la Fondazione Premio Ischia ha reintrodotto la sezione dedicata alle agenzie di stampa, per il ruolo sempre pi\u00f9 centrale che svolgono nel panorama della informazione nazionale ed internazionale. Il riconoscimento \u00e8 andato a Radiocor che ha appena festeggiato i 70 anni di attivit\u00e0 nella informazione economica e finanziaria chiudendo un accordo pluriennale con Dow Jones ed aumentando significativamente la fornitura del notiziario e dei servizi multimediali.<br \/>Il premio Ischia di giornalismo ha da anni acceso i riflettori anche sulla comunicazione istituzionale, il riconoscimento giunto alla sua 16\u00b0 edizione \u00e8 rivolto al professionista da cui dipende o \u00e8 riconducibile l&#8217;attivit\u00e0 di comunicazione e che abbia saputo sostenere la reputazione delle organizzazioni pubbliche, del no profit, delle istituzioni e delle aziende in generale.<br \/>Martina Fuga, Presidente dell&#8217;Associazione CoorDown, che promuove i diritti delle persone con sindrome di Down e Guido Bramante, Portavoce del Gen.C.A. Francesco Paolo Figliuolo sono i vincitori del Premio Ischia comunicatori dell&#8217;anno.<br \/>Nell&#8217;ambito del Premio Ischia Internazionale di giornalismo vengono assegnati i premi: il premio alla &#8220;Comunicazione Sostenibile&#8221; promosso da A2a \u00e8 stato assegnato a Riccardo Luna, editorialista di Repubblica e direttore di Green&amp;Blue &#8211; testata dedicata ai temi di sostenibilit\u00e0 e ambiente &#8211; esperto di green e digitale; il premio Opening New Ways of Journalism, assegnato dal Gruppo Unipol,  \u00e8 stato assegnato a Fjona Cakalli, blogger, conduttrice TV, divulgatrice, tech influencer, content creator e imprenditrice digitale. Da marzo si occupa sia della conduzione sia della cura del servizio principale di &#8220;Touch &#8211; Impronta Digitale&#8221;, un programma RAI dedicato alla tecnologia e all&#8217;innovazione.<br \/>La cerimonia di consegna dei premi si svolger\u00e0 nell&#8217;ambito della 45\u00b0 edizione del Premio Ischia Internazionale di giornalismo il 28 e 29 giugno. <br \/>Il premio \u00e8 patrocinato dalla Regione Campania, dal Comune di Lacco Ameno d&#8217;Ischia, dall&#8217;Istituto per il Credito Sportivo e dalla Siae, con il contributo dell&#8217;ACI &#8211; Automobil Club Italia, Gruppo Unipol, Gruppo Menarini, da Mundys e da A2A Life Company. Media Partner della manifestazione SKYTG24 &#8211; ItalPress e  Data Stampa.<br \/>&#8211; foto ufficio stampa Premio Ischia di giornalismo-<br \/>(ITALPRESS).<\/div>\n<div id=\"div-gpt-ad-Messinaoggi.it-DSK-300x250-corpoart\" style=\"text-align:center;margin:0 auto;\"><\/div><\/p><div id=\"videoincontent\" style=\"clear:both\";><\/div>","protected":false},"excerpt":{"rendered":"<p>ISCHIA (ITALPRESS) &#8211; Intelligenza artificiale, ricostruzione post terremoto, infrastrutture sportive e culturali per l&#8217;inclusione, conflitti internazionali: i temi al centro dei dibattiti che accompagnano la cerimonia di premiazione. Aldo Cazzullo, vicedirettore de &#8220;Il Corriere della Sera&#8221; e autore della trasmissione televisiva &#8220;Una giornata particolare&#8221; \u00e8 il vincitore del Premio Ischia come giornalista dell&#8217;anno.Monica Giandotti (Linea [&hellip;]<\/p>\n","protected":false},"author":18,"featured_media":202528,"comment_status":"closed","ping_status":"closed","sticky":false,"template":"","format":"standard","meta":{"ub_ctt_via":"","_mi_skip_tracking":false},"categories":[446],"tags":[783],"featured_image_src":"https:\/\/www.messinaoggi.it\/website\/wp-content\/uploads\/2024\/06\/20240625_0856.jpg","author_info":{"display_name":"Admin","author_link":"https:\/\/www.messinaoggi.it\/website\/author\/admin\/"},"digistream_id":0,"digistream":false,"_links":{"self":[{"href":"https:\/\/www.messinaoggi.it\/website\/wp-json\/wp\/v2\/posts\/202527"}],"collection":[{"href":"https:\/\/www.messinaoggi.it\/website\/wp-json\/wp\/v2\/posts"}],"about":[{"href":"https:\/\/www.messinaoggi.it\/website\/wp-json\/wp\/v2\/types\/post"}],"author":[{"embeddable":true,"href":"https:\/\/www.messinaoggi.it\/website\/wp-json\/wp\/v2\/users\/18"}],"replies":[{"embeddable":true,"href":"https:\/\/www.messinaoggi.it\/website\/wp-json\/wp\/v2\/comments?post=202527"}],"version-history":[{"count":0,"href":"https:\/\/www.messinaoggi.it\/website\/wp-json\/wp\/v2\/posts\/202527\/revisions"}],"wp:featuredmedia":[{"embeddable":true,"href":"https:\/\/www.messinaoggi.it\/website\/wp-json\/wp\/v2\/media\/202528"}],"wp:attachment":[{"href":"https:\/\/www.messinaoggi.it\/website\/wp-json\/wp\/v2\/media?parent=202527"}],"wp:term":[{"taxonomy":"category","embeddable":true,"href":"https:\/\/www.messinaoggi.it\/website\/wp-json\/wp\/v2\/categories?post=202527"},{"taxonomy":"post_tag","embeddable":true,"href":"https:\/\/www.messinaoggi.it\/website\/wp-json\/wp\/v2\/tags?post=202527"}],"curies":[{"name":"wp","href":"https:\/\/api.w.org\/{rel}","templated":true}]}}