{"id":202523,"date":"2024-06-25T14:08:03","date_gmt":"2024-06-25T12:08:03","guid":{"rendered":"https:\/\/www.messinaoggi.it\/website\/2024\/06\/25\/palladino-a-firenze-per-costruire-qualcosa-di-importante\/"},"modified":"2024-06-25T14:08:03","modified_gmt":"2024-06-25T12:08:03","slug":"palladino-a-firenze-per-costruire-qualcosa-di-importante","status":"publish","type":"post","link":"https:\/\/www.messinaoggi.it\/website\/2024\/06\/25\/palladino-a-firenze-per-costruire-qualcosa-di-importante\/","title":{"rendered":"Palladino \u201cA Firenze per costruire qualcosa di importante\u201d"},"content":{"rendered":"<div>FIRENZE (ITALPRESS) &#8211; &#8220;Firenze per me \u00e8 una tappa meravigliosa. E&#8217; un sogno pensare che fino a due anni fa allenavo in Primavera e ora mi gioco l&#8217;Europa: lavorer\u00f2 ogni singolo secondo per dare grande soddisfazioni a questa societ\u00e0 e a questi tifosi&#8221;. E&#8217; questa la promessa di Raffaele Palladino, il tecnico sul quale Rocco Commisso ha deciso di puntare dopo il triennio sotto la guida di Vincenzo Italiano. &#8220;La Fiorentina \u00e8 una grande societ\u00e0, con una grande squadra &#8211; ha sottolineato l&#8217;ex attaccante &#8211; e Italiano ha creato un grande gruppo, col quale ha ottenuto risultati fantastici. Ha cominciato un percorso che va proseguito. La rosa \u00e8 forte, c&#8217;\u00e8 grande sintonia, unit\u00e0 ed empatia con la societ\u00e0, stiamo programmando, stiamo valutando tutto, vogliamo lavorare bene e costantemente per il bene di questa societ\u00e0&#8221;. Palladino rivela di aver gi\u00e0 &#8220;parlato con tutti i calciatori, mi odieranno tutti perch\u00e8 li ho rintracciati per tutto il mondo &#8211; sorride &#8211; Ma li ho sentiti tutti carichi, adesso hanno bisogno di riposarsi ma hanno voglia di ripartire e continuare a fare bene per il bene della Fiorentina&#8221;. L&#8217;eredit\u00e0 di Italiano non sar\u00e0 facile da raccogliere ma il nuovo allenatore viola ha le idee chiare. &#8220;In questi anni \u00e8 stato fatto un grande percorso a Firenze con il raggiungimento di finali. Essere in Europa per me \u00e8 stimolante, daremo tutto, non faccio promesse, ma qui c&#8217;\u00e8 tutto per costruire qualcosa di importante. La Fiorentina deve avere l&#8217;ambizione di continuare a fare bene. La nostra squadra deve giocare a calcio, deve divertire, deve voler comandare la partita. Vedo tanta positivit\u00e0 nell&#8217;ambiente e questo mi lascia molto ben sperare&#8221;. Colpito dalla passione del pubblico gigliato (&#8220;quando venivo qui a Firenze sapevo che i tifosi erano un punto di forza, spero ci diano una grande mano&#8221;), per quanto riguarda il modulo di gioco, nessun integralismo anche se inizialmente opter\u00e0 per la difesa a tre, mentre sul mercato e l&#8217;arrivo possibile di un rinforzo davanti commenta: &#8220;So bene che a Firenze sono passati attaccanti di un certo valore, i tifosi si aspettano un attaccante importante, cercheremo di fare del nostro meglio e spero che qualcosa possa arrivare&#8221;, ha aggiunto Palladino, facendo sapere poi che da qui al 30 giugno far\u00e0 delle valutazioni con la societ\u00e0 anche sui giocatori in scadenza di contratto come Bonaventura, Castrovilli e Duncan. Nel corso della sua presentazione al Viola Park, il tecnico non ha dimenticato il suo recente passato: &#8220;Se sono qui oggi a Firenze, in questa grande societ\u00e0, \u00e8 anche grazie al Monza, che mi ha dato l&#8217;opportunit\u00e0 di allenare in serie A. Va dato grande merito al presidente Berlusconi che ha subito creduto in me, sono stato il suo ultimo allenatore, e ringrazio Adriano Galliani che \u00e8 stato per me un maestro di vita e calcistico&#8221;.<br \/>&#8211; foto Ipa Agency &#8211;<br \/>(ITALPRESS).<\/div>\n<div id=\"div-gpt-ad-Messinaoggi.it-DSK-300x250-corpoart\" style=\"text-align:center;margin:0 auto;\"><\/div><\/p><div id=\"videoincontent\" style=\"clear:both\";><\/div>","protected":false},"excerpt":{"rendered":"<p>FIRENZE (ITALPRESS) &#8211; &#8220;Firenze per me \u00e8 una tappa meravigliosa. E&#8217; un sogno pensare che fino a due anni fa allenavo in Primavera e ora mi gioco l&#8217;Europa: lavorer\u00f2 ogni singolo secondo per dare grande soddisfazioni a questa societ\u00e0 e a questi tifosi&#8221;. E&#8217; questa la promessa di Raffaele Palladino, il tecnico sul quale Rocco [&hellip;]<\/p>\n","protected":false},"author":18,"featured_media":202524,"comment_status":"closed","ping_status":"closed","sticky":false,"template":"","format":"standard","meta":{"ub_ctt_via":"","_mi_skip_tracking":false},"categories":[446],"tags":[783],"featured_image_src":"https:\/\/www.messinaoggi.it\/website\/wp-content\/uploads\/2024\/06\/20240625_0730.jpg","author_info":{"display_name":"Admin","author_link":"https:\/\/www.messinaoggi.it\/website\/author\/admin\/"},"digistream_id":0,"digistream":false,"_links":{"self":[{"href":"https:\/\/www.messinaoggi.it\/website\/wp-json\/wp\/v2\/posts\/202523"}],"collection":[{"href":"https:\/\/www.messinaoggi.it\/website\/wp-json\/wp\/v2\/posts"}],"about":[{"href":"https:\/\/www.messinaoggi.it\/website\/wp-json\/wp\/v2\/types\/post"}],"author":[{"embeddable":true,"href":"https:\/\/www.messinaoggi.it\/website\/wp-json\/wp\/v2\/users\/18"}],"replies":[{"embeddable":true,"href":"https:\/\/www.messinaoggi.it\/website\/wp-json\/wp\/v2\/comments?post=202523"}],"version-history":[{"count":0,"href":"https:\/\/www.messinaoggi.it\/website\/wp-json\/wp\/v2\/posts\/202523\/revisions"}],"wp:featuredmedia":[{"embeddable":true,"href":"https:\/\/www.messinaoggi.it\/website\/wp-json\/wp\/v2\/media\/202524"}],"wp:attachment":[{"href":"https:\/\/www.messinaoggi.it\/website\/wp-json\/wp\/v2\/media?parent=202523"}],"wp:term":[{"taxonomy":"category","embeddable":true,"href":"https:\/\/www.messinaoggi.it\/website\/wp-json\/wp\/v2\/categories?post=202523"},{"taxonomy":"post_tag","embeddable":true,"href":"https:\/\/www.messinaoggi.it\/website\/wp-json\/wp\/v2\/tags?post=202523"}],"curies":[{"name":"wp","href":"https:\/\/api.w.org\/{rel}","templated":true}]}}