{"id":202521,"date":"2024-06-25T14:08:02","date_gmt":"2024-06-25T12:08:02","guid":{"rendered":"https:\/\/www.messinaoggi.it\/website\/2024\/06\/25\/meloni-ce-chi-mi-vorrebbe-massacrata-e-a-testa-in-giu\/"},"modified":"2024-06-25T14:08:02","modified_gmt":"2024-06-25T12:08:02","slug":"meloni-ce-chi-mi-vorrebbe-massacrata-e-a-testa-in-giu","status":"publish","type":"post","link":"https:\/\/www.messinaoggi.it\/website\/2024\/06\/25\/meloni-ce-chi-mi-vorrebbe-massacrata-e-a-testa-in-giu\/","title":{"rendered":"Meloni \u201cC\u2019\u00e8 chi mi vorrebbe massacrata e a testa in gi\u00f9\u201d"},"content":{"rendered":"<div>ROMA (ITALPRESS) &#8211; &#8220;Alla Camera dei deputati una parlamentare dei 5 Stelle ha evocato per noi Piazzale Loreto, in pratica io dovrei essere massacrata e appesa a testa in gi\u00f9&#8221;. Cos\u00ec il presidente del Consiglio, Giorgia Meloni, in una diretta social. &#8220;Noi siamo patrioti che sanno quale sia il verso della bandiera tricolore quando la sventolano e che lavorano perch\u00e8 tutti i cittadini di questa Nazione abbiano gli stessi diritti e le stesse opportunit\u00e0, dimostrando che si sarebbe potuto fare anche prima. Forse lo sa anche l&#8217;opposizione, forse per questo sono cos\u00ec nervosi e usano irresponsabili toni da guerra civile, perch\u00e8 non hanno argomenti nel merito. Io penso che le parole e i modi violenti che usa la sinistra, non solo sull&#8217;Autonomia ma su tutte le riforme, non siano altro che una difesa disperata dello status quo&#8221;, ha aggiunto. &#8220;La sinistra manda in giro liste di proscrizione dei parlamentari del Sud che hanno approvato l&#8217;Autonomia differenziata per incitare l&#8217;odio contro di loro&#8221;, ha spiegato Meloni, sottolineando poi come &#8220;sul premierato ci accusano di deriva autoritaria, poi si scopre che lo proponeva anche il Pds di Achille Occhetto circa 30 anni fa, in pratica Occhetto era molto pi\u00f9 avanti di Elly Schlein. Anche qui vengono smentiti&#8221;.<br \/>(ITALPRESS).<br \/>&#8211; Foto: Palazzo Chigi &#8211;<\/div>\n<div id=\"div-gpt-ad-Messinaoggi.it-DSK-300x250-corpoart\" style=\"text-align:center;margin:0 auto;\"><\/div><\/p><div id=\"videoincontent\" style=\"clear:both\";><\/div>","protected":false},"excerpt":{"rendered":"<p>ROMA (ITALPRESS) &#8211; &#8220;Alla Camera dei deputati una parlamentare dei 5 Stelle ha evocato per noi Piazzale Loreto, in pratica io dovrei essere massacrata e appesa a testa in gi\u00f9&#8221;. Cos\u00ec il presidente del Consiglio, Giorgia Meloni, in una diretta social. &#8220;Noi siamo patrioti che sanno quale sia il verso della bandiera tricolore quando la [&hellip;]<\/p>\n","protected":false},"author":18,"featured_media":202522,"comment_status":"closed","ping_status":"closed","sticky":false,"template":"","format":"standard","meta":{"ub_ctt_via":"","_mi_skip_tracking":false},"categories":[446],"tags":[783],"featured_image_src":"https:\/\/www.messinaoggi.it\/website\/wp-content\/uploads\/2024\/06\/20240625_0657-300x206-1.jpg","author_info":{"display_name":"Admin","author_link":"https:\/\/www.messinaoggi.it\/website\/author\/admin\/"},"digistream_id":0,"digistream":false,"_links":{"self":[{"href":"https:\/\/www.messinaoggi.it\/website\/wp-json\/wp\/v2\/posts\/202521"}],"collection":[{"href":"https:\/\/www.messinaoggi.it\/website\/wp-json\/wp\/v2\/posts"}],"about":[{"href":"https:\/\/www.messinaoggi.it\/website\/wp-json\/wp\/v2\/types\/post"}],"author":[{"embeddable":true,"href":"https:\/\/www.messinaoggi.it\/website\/wp-json\/wp\/v2\/users\/18"}],"replies":[{"embeddable":true,"href":"https:\/\/www.messinaoggi.it\/website\/wp-json\/wp\/v2\/comments?post=202521"}],"version-history":[{"count":0,"href":"https:\/\/www.messinaoggi.it\/website\/wp-json\/wp\/v2\/posts\/202521\/revisions"}],"wp:featuredmedia":[{"embeddable":true,"href":"https:\/\/www.messinaoggi.it\/website\/wp-json\/wp\/v2\/media\/202522"}],"wp:attachment":[{"href":"https:\/\/www.messinaoggi.it\/website\/wp-json\/wp\/v2\/media?parent=202521"}],"wp:term":[{"taxonomy":"category","embeddable":true,"href":"https:\/\/www.messinaoggi.it\/website\/wp-json\/wp\/v2\/categories?post=202521"},{"taxonomy":"post_tag","embeddable":true,"href":"https:\/\/www.messinaoggi.it\/website\/wp-json\/wp\/v2\/tags?post=202521"}],"curies":[{"name":"wp","href":"https:\/\/api.w.org\/{rel}","templated":true}]}}