{"id":202519,"date":"2024-06-25T14:08:01","date_gmt":"2024-06-25T12:08:01","guid":{"rendered":"https:\/\/www.messinaoggi.it\/website\/2024\/06\/25\/fitto-dallue-via-libera-alla-proroga-di-decontribuzione-sud\/"},"modified":"2024-06-25T14:08:01","modified_gmt":"2024-06-25T12:08:01","slug":"fitto-dallue-via-libera-alla-proroga-di-decontribuzione-sud","status":"publish","type":"post","link":"https:\/\/www.messinaoggi.it\/website\/2024\/06\/25\/fitto-dallue-via-libera-alla-proroga-di-decontribuzione-sud\/","title":{"rendered":"Fitto \u201cDall\u2019Ue via libera alla proroga di Decontribuzione Sud\u201d"},"content":{"rendered":"<div>BRUXELLES (BELGIO) (ITALPRESS) &#8211; Il ministro agli Affari Europei, Raffaele Fitto, ha incontrato oggi a Bruxelles la vicepresidente esecutiva della Commissione europea, Margrethe Vestager.<br \/>Il colloquio si \u00e8 incentrato sul tema della cosiddetta &#8220;Decontribuzione Sud&#8221;, una misura legata al Temporary Framework, lo strumento attivato dalla Commissione europea per far fronte alla pandemia e successivamente a seguito della guerra in Ucraina ed in scadenza il prossimo 30 giugno.<br \/>E&#8217; a causa di questo carattere temporaneo che la decontribuzione sud negli anni scorsi era stata autorizzata da Bruxelles solo per periodi brevi e mai superiori ai dodici mesi.<br \/>&#8220;Ho discusso con la vice presidente Vestager del futuro di questa misura che, alla luce del venir meno del Temporary Framework dovr\u00e0 essere modificata e resa pi\u00f9 mirata facendo leva su una o pi\u00f9 diverse basi giuridiche &#8211; ha dichiarato il ministro Fitto al termine del colloquio -. L&#8217;obiettivo \u00e8 quello di trasformarla, d&#8217;intesa con la Commissione europea, in uno strumento pi\u00f9 a lungo termine e maggiormente orientato verso gli investimenti&#8221;.<br \/>&#8220;Al tempo stesso &#8211; continua Fitto &#8211; ho ringraziato Vestager per aver accolto, nel rispetto della normativa europea, la richiesta del Governo italiano di una modifica della misura e di un&#8217;ultima proroga per ulteriori sei mesi del periodo a cui si applica la &#8220;decontribuzione&#8221; nella consapevolezza che si tratta in questa fase di una misura molto importante per l&#8217;economia e l&#8217;occupazione del nostro Mezzogiorno. Un risultato importante &#8211; conclude il ministro -, frutto di un grande impegno del Governo e giunto al termine di un proficuo ed approfondito dialogo con la Commissione europea&#8221;.<div id=\"div-gpt-ad-Messinaoggi.it-DSK-300x250-corpoart\" style=\"text-align:center;margin:0 auto;\"><\/div><\/p>\n<p>&#8211; Foto Agenzia Fotogramma &#8211;<div id=\"videoincontent\" style=\"clear:both\";><\/div><\/p>\n<p>(ITALPRESS).<\/p><\/div>\n","protected":false},"excerpt":{"rendered":"<p>BRUXELLES (BELGIO) (ITALPRESS) &#8211; Il ministro agli Affari Europei, Raffaele Fitto, ha incontrato oggi a Bruxelles la vicepresidente esecutiva della Commissione europea, Margrethe Vestager.Il colloquio si \u00e8 incentrato sul tema della cosiddetta &#8220;Decontribuzione Sud&#8221;, una misura legata al Temporary Framework, lo strumento attivato dalla Commissione europea per far fronte alla pandemia e successivamente a seguito [&hellip;]<\/p>\n","protected":false},"author":18,"featured_media":202520,"comment_status":"closed","ping_status":"closed","sticky":false,"template":"","format":"standard","meta":{"ub_ctt_via":"","_mi_skip_tracking":false},"categories":[446],"tags":[783],"featured_image_src":"https:\/\/www.messinaoggi.it\/website\/wp-content\/uploads\/2024\/06\/20240625_0613.jpg","author_info":{"display_name":"Admin","author_link":"https:\/\/www.messinaoggi.it\/website\/author\/admin\/"},"digistream_id":0,"digistream":false,"_links":{"self":[{"href":"https:\/\/www.messinaoggi.it\/website\/wp-json\/wp\/v2\/posts\/202519"}],"collection":[{"href":"https:\/\/www.messinaoggi.it\/website\/wp-json\/wp\/v2\/posts"}],"about":[{"href":"https:\/\/www.messinaoggi.it\/website\/wp-json\/wp\/v2\/types\/post"}],"author":[{"embeddable":true,"href":"https:\/\/www.messinaoggi.it\/website\/wp-json\/wp\/v2\/users\/18"}],"replies":[{"embeddable":true,"href":"https:\/\/www.messinaoggi.it\/website\/wp-json\/wp\/v2\/comments?post=202519"}],"version-history":[{"count":0,"href":"https:\/\/www.messinaoggi.it\/website\/wp-json\/wp\/v2\/posts\/202519\/revisions"}],"wp:featuredmedia":[{"embeddable":true,"href":"https:\/\/www.messinaoggi.it\/website\/wp-json\/wp\/v2\/media\/202520"}],"wp:attachment":[{"href":"https:\/\/www.messinaoggi.it\/website\/wp-json\/wp\/v2\/media?parent=202519"}],"wp:term":[{"taxonomy":"category","embeddable":true,"href":"https:\/\/www.messinaoggi.it\/website\/wp-json\/wp\/v2\/categories?post=202519"},{"taxonomy":"post_tag","embeddable":true,"href":"https:\/\/www.messinaoggi.it\/website\/wp-json\/wp\/v2\/tags?post=202519"}],"curies":[{"name":"wp","href":"https:\/\/api.w.org\/{rel}","templated":true}]}}