{"id":20248,"date":"2018-06-04T16:57:21","date_gmt":"2018-06-04T14:57:21","guid":{"rendered":"http:\/\/www.messinaoggi.it\/website\/?p=20248"},"modified":"2018-06-04T16:57:21","modified_gmt":"2018-06-04T14:57:21","slug":"migranti-bramanti-vs-accorinti-o-parla-per-sentito-dire-o-e-in-malafede","status":"publish","type":"post","link":"https:\/\/www.messinaoggi.it\/website\/2018\/06\/04\/migranti-bramanti-vs-accorinti-o-parla-per-sentito-dire-o-e-in-malafede\/","title":{"rendered":"Migranti, Bramanti vs Accorinti: &quot;O parla per sentito dire o \u00e8 in malafede&quot;"},"content":{"rendered":"<p style=\"text-align: justify\">Il tema immigrazione tiene banco tanto a livello nazionale quanto a Messina dove, continuano a scontrarsi sul tema il sindaco uscente Renato Accorinti e il candidato del centrodestra Dino Bramanti.<div id=\"div-gpt-ad-Messinaoggi.it-DSK-300x250-corpoart\" style=\"text-align:center;margin:0 auto;\"><\/div><\/p>\n<p style=\"text-align: justify\"><em>&#8220;Dalla risposta di Accorinti \u00e8 evidente che il sindaco uscente parli per sentito dire, o peggio, ripeta a memoria ritornelli di cui, nella sostanza, non conosce il vero significato. Non si spiega altrimenti come il sindaco ignori i numeri reali ed i primati negativi della sua gestione dell\u2019accoglienza&#8221;<\/em> con queste parole lo stesso Bramanti ha animato il terzo atto della diatriba con il leader di Cambiamo Messina dal Basso.<div id=\"videoincontent\" style=\"clear:both\";><\/div><\/p>\n<p style=\"text-align: justify\"><em>&#8220;Il giudizio negativo<\/em> &#8211; <em>aggiunge nella controreplica &#8211; non viene soltanto dai messinesi, e basterebbe al duo Accorinti-Santisi fare un giro per la citt\u00e0 per scoprirlo. Sono le stesse associazioni impegnate nel sistema dell&#8217;accoglienza che hanno evidenziato, nel corso del confronto tra candidati sindaco dello scorso 31 maggio, presso la sala Fasola, lacune ed inefficacia dell\u2019azione amministrativa. L\u2019esempio pi\u00f9 eclatante si \u00e8 visto \u201cdal vivo\u201d quando ad un migrante minore, giunto a Messina da ben 2 anni , \u00e8 stato chiesto di parlare in italiano e non \u00e8 riuscito, nonostante i suggerimenti, a pronunciare neanche una breve frase. Basterebbe anche leggere una parte del documento stilato da ARCI, CARITAS DIOCESANA, UFFICIO DIOCESANO MIGRANTES e SANT&#8217;EGIDIO, per scoprire che, cito testualmente: \u201cIl periodo di permanenza in prima accoglienza non dovrebbe superare 30 giorni, ma, a Messina, un numero consistente di ragazzi e ragazze rimane in strutture di prima accoglienza\u00a0per tutta la minore et\u00e0&#8230; impedendo un reale percorso di autonomia&#8221;.<\/em><\/p>\n<p class=\"x_MsoNormal\" style=\"text-align: justify\"><em>Quanto al fatto che Messina sia l\u2019unica citt\u00e0 metropolitana ad essere sede di hot spot, sempre dallo stesso documento redatto dalle associazioni si legge che proprio quelle organizzazioni non governative, con le quali il sindaco afferma di aver &#8220;condiviso progetti&#8221;, hanno, invece, &#8220;nel tempo denunciato condizioni degradanti e violazioni dei diritti umani dei migranti&#8221; e che &#8220;l&#8217;hot spot di Bisconte \u00e8 una struttura &#8220;nata tra il silenzio, l&#8217;ambiguit\u00e0 e l&#8217;inefficacia delle istituzioni locali&#8221;. Non \u00e8 stato infine applicato il decreto Minniti nella parte che prevede l\u2019utilizzo degli stranieri in lavori di pubblica utilit\u00e0 attraverso protocolli siglati con la prefettura.<\/em><\/p>\n<p class=\"x_MsoNormal\" style=\"text-align: justify\"><em>Se il primo cittadino e l\u2019assessore ai servizi sociali ignorano le segnalazioni delle associazioni, &#8211; <\/em>chiude Bramanti <em>&#8211; lo scontento dei messinesi ed i NUMERI REALI degli sbarchi, che con oltre 2200 arrivi fanno di Messina il primo porto d\u2019Italia per numero di sbarchi mentre nel resto del Paese si registra una riduzione dell\u201980%, ci sono solo due spiegazioni: o vivono in un\u2019altra citt\u00e0 o sono in mala fede&#8221;.<\/em><\/p>\n","protected":false},"excerpt":{"rendered":"<p>Il tema immigrazione tiene banco tanto a livello nazionale quanto a Messina dove, continuano a scontrarsi sul tema il sindaco uscente Renato Accorinti e il candidato del centrodestra Dino Bramanti. &#8220;Dalla risposta di Accorinti \u00e8 evidente che il sindaco uscente parli per sentito dire, o peggio, ripeta a memoria ritornelli di cui, nella sostanza, non [&hellip;]<\/p>\n","protected":false},"author":6,"featured_media":14135,"comment_status":"closed","ping_status":"open","sticky":false,"template":"","format":"standard","meta":{"ub_ctt_via":"","_mi_skip_tracking":false},"categories":[4],"tags":[],"featured_image_src":"https:\/\/www.messinaoggi.it\/website\/wp-content\/uploads\/2018\/01\/bramanti-sanita-1.jpg","author_info":{"display_name":"Redazione MessinaOggi.it","author_link":"https:\/\/www.messinaoggi.it\/website\/author\/p-vinci\/"},"digistream_id":0,"digistream":false,"_links":{"self":[{"href":"https:\/\/www.messinaoggi.it\/website\/wp-json\/wp\/v2\/posts\/20248"}],"collection":[{"href":"https:\/\/www.messinaoggi.it\/website\/wp-json\/wp\/v2\/posts"}],"about":[{"href":"https:\/\/www.messinaoggi.it\/website\/wp-json\/wp\/v2\/types\/post"}],"author":[{"embeddable":true,"href":"https:\/\/www.messinaoggi.it\/website\/wp-json\/wp\/v2\/users\/6"}],"replies":[{"embeddable":true,"href":"https:\/\/www.messinaoggi.it\/website\/wp-json\/wp\/v2\/comments?post=20248"}],"version-history":[{"count":0,"href":"https:\/\/www.messinaoggi.it\/website\/wp-json\/wp\/v2\/posts\/20248\/revisions"}],"wp:featuredmedia":[{"embeddable":true,"href":"https:\/\/www.messinaoggi.it\/website\/wp-json\/wp\/v2\/media\/14135"}],"wp:attachment":[{"href":"https:\/\/www.messinaoggi.it\/website\/wp-json\/wp\/v2\/media?parent=20248"}],"wp:term":[{"taxonomy":"category","embeddable":true,"href":"https:\/\/www.messinaoggi.it\/website\/wp-json\/wp\/v2\/categories?post=20248"},{"taxonomy":"post_tag","embeddable":true,"href":"https:\/\/www.messinaoggi.it\/website\/wp-json\/wp\/v2\/tags?post=20248"}],"curies":[{"name":"wp","href":"https:\/\/api.w.org\/{rel}","templated":true}]}}