{"id":202447,"date":"2024-06-24T20:08:01","date_gmt":"2024-06-24T18:08:01","guid":{"rendered":"https:\/\/www.messinaoggi.it\/website\/2024\/06\/24\/benedetto-lavino-eletto-presidente-di-cosmetica-italia\/"},"modified":"2024-06-24T20:08:01","modified_gmt":"2024-06-24T18:08:01","slug":"benedetto-lavino-eletto-presidente-di-cosmetica-italia","status":"publish","type":"post","link":"https:\/\/www.messinaoggi.it\/website\/2024\/06\/24\/benedetto-lavino-eletto-presidente-di-cosmetica-italia\/","title":{"rendered":"Benedetto Lavino eletto presidente di Cosmetica Italia"},"content":{"rendered":"<div>MILANO (ITALPRESS) &#8211; Benedetto Lavino, presidente di Bottega Verde, \u00e8 stato eletto presidente di Cosmetica Italia per il prossimo triennio, fino al 2027. Nel suo mandato, Lavino sar\u00e0 affiancato da quattro vicepresidenti: Filippo De Caterina (L&#8217;Or\u00e8al Italia), Fabio Franchina (Framesi), Ambra Martone (ICR &#8211; Industrie Cosmetiche Riunite) e Renato Sciarrillo (Procter &amp; Gamble).<br \/>&#8220;Con onore e senso di responsabilit\u00e0 raccolgo oggi la fiducia dei tanti colleghi imprenditori che mi affidano l&#8217;opportunit\u00e0 di essere il presidente di Cosmetica Italia, un&#8217;Associazione di categoria di grande pregio capace di rappresentare circa 650 imprese associate sull&#8217;intero territorio nazionale &#8211; ha commentato Lavino -. Per il prossimo triennio, assieme alla squadra dei vicepresidenti &#8211; che ringrazio per il cammino che da oggi intraprendono al mio fianco &#8211; guarderemo a un macro-obiettivo: costruire le condizioni favorevoli affinch\u00e8 le aziende associate possano cogliere le opportunit\u00e0 di crescita in Italia e all&#8217;estero, supportandole nel preservare e incrementare la generazione di profitto anche in una congiuntura economica complessa, e apportando valore a tutta la filiera&#8221;. Secondo Lavino &#8220;un traguardo raggiungibile solo facendo sistema e legando, nel comune intento di affermare il valore economico, scientifico e sociale del prodotto cosmetico (elemento indispensabile per il benessere di ciascuno in ogni fase della vita), stakeholder, industria, istituzioni e mondo politico. Lavoreremo, infatti, per individuare una politica industriale solida e concreta a favore del settore cosmetico nazionale. Lo faremo con il supporto di progetti di advocacy, analisi di mercato e attivit\u00e0 di responsabilit\u00e0 sociale per sostenere lo sviluppo e la reputazione di un settore chiave per la crescita e la competitivit\u00e0 del Sistema Paese, capace di generare ricadute positive in termini socioeconomici e occupazionali&#8221;. &#8220;Come sempre, al fianco del partner BolognaFiere Cosmoprof, ci occuperemo di internazionalizzazione per valorizzare l&#8217;eccellenza del cosmetico italiano sui mercati esteri e promuovere l&#8217;omonima fiera di riferimento &#8211; ha sottolineato Lavino -. Non solo, Cosmetica Italia continuer\u00e0 a parlare anche ad un pubblico allargato grazie alla nuova edizione di Milano Beauty Week, un progetto culturale di riconosciuto successo e utilit\u00e0 che, concretamente, ci offre l&#8217;opportunit\u00e0 di mostrare le diverse sfaccettature della filiera della bellezza e affermare ancora una volta che la cosmesi \u00e8 un&#8217;industria che fa bene al Paese&#8221;. <br \/>&#8220;La cosmetica \u00e8 un settore chiave per l&#8217;economia italiana ed europea e i prodotti cosmetici sono beni essenziali per la salute ed il benessere delle persone. Cosmetica Italia &#8211; ha sottolineato De Caterina &#8211; \u00e8 un&#8217;organizzazione essenziale per diffondere questi valori con tutti gli stakeholder. Abbiamo bisogno di pi\u00f9 benessere e bellezza; vogliamo lavorare per rivendicare con sempre maggiore orgoglio questa eccellenza del nostro Paese&#8221;.<br \/>&#8220;Sono onorato di essere stato eletto vicepresidente di Cosmetica Italia nella squadra del presidente Lavino. L&#8217;Associazione vuole essere il fulcro per lo sviluppo internazionale delle imprese, aspetto fondamentale e imprescindibile per la competitivit\u00e0 del settore. Gli obiettivi della delega all&#8217;internazionalizzazione che mi \u00e8 stata affidata &#8211; ha evidenziato Franchina &#8211; troveranno risposta nell&#8217;ampliamento dei servizi, nelle nuove occasioni di formazione e nei rinnovati progetti al fianco dei nostri partner istituzionali, come BolognaFiere Cosmoprof e ICE. Le esportazioni rappresentano oltre il 46% del fatturato totale del settore cosmetico nazionale e nel 2023 hanno superato i 7 miliardi di euro, con una crescita di oltre 20 punti percentuali rispetto all&#8217;anno precedente. Segnali concreti che confermano la necessit\u00e0 di aumentare le competenze internazionali e ricevere un supporto istituzionale e operativo sempre pi\u00f9 concreto&#8221;.<br \/>&#8220;Ringrazio i soci di Cosmetica Italia e il presidente Lavino per avermi voluta nella rinnovata squadra di presidenza, che operer\u00e0 con dedizione affiancando la struttura. Nell&#8217;attuale contesto globale denso di sfide e di opportunit\u00e0 &#8211; ha aggiunto Martone &#8211; l&#8217;obiettivo \u00e8 di supportare concretamente le piccole, medie e grandi imprese del nostro settore cosmetico, una filiera che rappresenta un&#8217;eccellenza italiana, europea e mondiale, promuovendo sinergie aziendali, istituzionali e politiche, favorendo crescita culturale e sviluppo sostenibile, generando valore economico e sociale. Ci impegneremo nel rappresentare al meglio i cambiamenti per orientarci al futuro in ottica di innovazione e spinta trasformativa verso maggiore cultura, competitivit\u00e0 e visibilit\u00e0 delle aziende associate&#8221;.<br \/>&#8220;Mi unisco con entusiasmo alla squadra di presidenza di Cosmetica Italia. Il mio impegno sar\u00e0 orientato alla promozione dei valori &#8211; economico, scientifico e sociale &#8211; del settore cosmetico in Italia. Intendo intensificare un dialogo costruttivo con gli stakeholder politici e istituzionali per sostenere la nostra eccellenza industriale, capace di generare ricadute socioeconomiche e occupazionali positive per l&#8217;intero Sistema Paese. L&#8217;attivit\u00e0 di advocacy &#8211; ha concluso Sciarrillo &#8211; promossa dall&#8217;Associazione su questioni regolatorie, di politica industriale e di presidio dei principali dossier europei proseguir\u00e0 al fianco e in sinergia con Federchimica e Cosmetics Europe, con l&#8217;obiettivo di rafforzare l&#8217;influenza del settore sulla politica industriale italiana e lavorare come un think tank di analisi e proposta, con particolare riguardo a transizione digitale ed ecologica&#8221;.<div id=\"div-gpt-ad-Messinaoggi.it-DSK-300x250-corpoart\" style=\"text-align:center;margin:0 auto;\"><\/div><\/p>\n<p>&#8211; foto ufficio stampa Cosmetica Italia &#8211;<br \/>(ITALPRESS).<\/div>\n<div id=\"videoincontent\" style=\"clear:both\";><\/div>","protected":false},"excerpt":{"rendered":"<p>MILANO (ITALPRESS) &#8211; Benedetto Lavino, presidente di Bottega Verde, \u00e8 stato eletto presidente di Cosmetica Italia per il prossimo triennio, fino al 2027. Nel suo mandato, Lavino sar\u00e0 affiancato da quattro vicepresidenti: Filippo De Caterina (L&#8217;Or\u00e8al Italia), Fabio Franchina (Framesi), Ambra Martone (ICR &#8211; Industrie Cosmetiche Riunite) e Renato Sciarrillo (Procter &amp; Gamble).&#8220;Con onore e [&hellip;]<\/p>\n","protected":false},"author":18,"featured_media":202448,"comment_status":"closed","ping_status":"closed","sticky":false,"template":"","format":"standard","meta":{"ub_ctt_via":"","_mi_skip_tracking":false},"categories":[446],"tags":[783],"featured_image_src":"https:\/\/www.messinaoggi.it\/website\/wp-content\/uploads\/2024\/06\/20240624_1600.jpg","author_info":{"display_name":"Admin","author_link":"https:\/\/www.messinaoggi.it\/website\/author\/admin\/"},"digistream_id":0,"digistream":false,"_links":{"self":[{"href":"https:\/\/www.messinaoggi.it\/website\/wp-json\/wp\/v2\/posts\/202447"}],"collection":[{"href":"https:\/\/www.messinaoggi.it\/website\/wp-json\/wp\/v2\/posts"}],"about":[{"href":"https:\/\/www.messinaoggi.it\/website\/wp-json\/wp\/v2\/types\/post"}],"author":[{"embeddable":true,"href":"https:\/\/www.messinaoggi.it\/website\/wp-json\/wp\/v2\/users\/18"}],"replies":[{"embeddable":true,"href":"https:\/\/www.messinaoggi.it\/website\/wp-json\/wp\/v2\/comments?post=202447"}],"version-history":[{"count":0,"href":"https:\/\/www.messinaoggi.it\/website\/wp-json\/wp\/v2\/posts\/202447\/revisions"}],"wp:featuredmedia":[{"embeddable":true,"href":"https:\/\/www.messinaoggi.it\/website\/wp-json\/wp\/v2\/media\/202448"}],"wp:attachment":[{"href":"https:\/\/www.messinaoggi.it\/website\/wp-json\/wp\/v2\/media?parent=202447"}],"wp:term":[{"taxonomy":"category","embeddable":true,"href":"https:\/\/www.messinaoggi.it\/website\/wp-json\/wp\/v2\/categories?post=202447"},{"taxonomy":"post_tag","embeddable":true,"href":"https:\/\/www.messinaoggi.it\/website\/wp-json\/wp\/v2\/tags?post=202447"}],"curies":[{"name":"wp","href":"https:\/\/api.w.org\/{rel}","templated":true}]}}