{"id":20240,"date":"2018-06-04T14:13:16","date_gmt":"2018-06-04T12:13:16","guid":{"rendered":"http:\/\/www.messinaoggi.it\/website\/?p=20240"},"modified":"2018-06-04T14:13:16","modified_gmt":"2018-06-04T12:13:16","slug":"eleme-lallarme-di-de-luca-troppi-luoghi-abbandonati","status":"publish","type":"post","link":"https:\/\/www.messinaoggi.it\/website\/2018\/06\/04\/eleme-lallarme-di-de-luca-troppi-luoghi-abbandonati\/","title":{"rendered":"EleMe, l&#039;allarme di De Luca: &quot;Troppi luoghi abbandonati&quot;"},"content":{"rendered":"<p style=\"text-align: justify\">\u201c<em>Si pu\u00f2 riorganizzare la citt\u00e0 soprattutto lungo l\u2019asse Maregrosso -Tremestieri, anche in un\u2019ottica di recupero di ci\u00f2 che sorge lungo la costa. In questo senso vorremmo fare nostro il tema della rigenerazione urbana. Attraverso il recupero integrale di tanti luoghi dimenticati che giacciono inermi lungo la nostra costa e attraverso una sapiente commistione tra questi luoghi ed idee innovative di respiro europeo, magari aiutati da un adeguato programma di spesa per i fondo europei, si potrebbero creare degli hub in alcuni dei principali luoghi simbolo della citt\u00e0 (ex dogana, stazione marittima, ex area fieristica, zona falcata, ex magazzini delle ferrovie, rada San Francesco etc.) con il doppio obiettivo di far riscoprire il rapporto col mare alla citt\u00e0 e di restituire ai cittadini e perch\u00e9 no, anche legandoli ad un utilizzo di valenza sociale, luoghi che oggi giacciono come condannati ad un inesorabile destino<\/em>.\u00a0A dirlo\u00a0Cateno De Luca, candidato a sindaco di Messina che aggiunge:\u00a0\u201c<em>Si devono trovare i bandi per il ripristino e lo sfruttamento di questi luoghi anche alla disponibilit\u00e0 di interventi privati che mirino a creare un\u2019economia produttiva che dia posti di lavoro stabili. Si deve ripensare ad un orientamento culturale ed economico del territorio \u2013 da replicare in tutta la provincia &#8211; verso il mare quindi potrebbe essere un\u2019opportunit\u00e0 di grande respiro.\u00a0Gli ultimi anni sono stati caratterizzati da importanti riconoscimenti di risorse economiche e finanziarie per la nostra Citt\u00e0 Metropolitana, tra interventi di riqualificazione col Programma Operativo Pon Metro e i progetti scelti, nell\u2019ambito del \u201cMasterplan per il Sud\u201d, e trasmessi alla Presidenza del Consiglio dei Ministri che riguardano importanti interventi strutturali su tutto il territorio provinciale. Una stagione di rilancio della Citt\u00e0 sembra quindi aprirsi soprattutto in termini di risanamento di porzioni di citt\u00e0 da tempo in attesa di soluzioni abitative e servizi pi\u00f9 capillari a sostegno delle famiglie e, non secondario, quello dell\u2019occupazione lavorativa che si determiner\u00e0 per la realizzazione degli interventi finanziati. Accanto alla rigenerazione fisica dei luoghi, non possiamo non pensare a quelle realt\u00e0 sociali che spesso sopperiscono alle carenze dei soggetti pubblici in tema di coesione sociale, diffusione dei diritti, aggre<\/em><em>gazione ed integrazione, contrasto alle povert\u00e0 e lotta all\u2019esclusione sociale e che in larga parte sono animate proprio dai giovani che credono in valori ed ideali forti\u201d.<\/em><div id=\"div-gpt-ad-Messinaoggi.it-DSK-300x250-corpoart\" style=\"text-align:center;margin:0 auto;\"><\/div><\/p>\n<div id=\"videoincontent\" style=\"clear:both\";><\/div>","protected":false},"excerpt":{"rendered":"<p>\u201cSi pu\u00f2 riorganizzare la citt\u00e0 soprattutto lungo l\u2019asse Maregrosso -Tremestieri, anche in un\u2019ottica di recupero di ci\u00f2 che sorge lungo la costa. In questo senso vorremmo fare nostro il tema della rigenerazione urbana. Attraverso il recupero integrale di tanti luoghi dimenticati che giacciono inermi lungo la nostra costa e attraverso una sapiente commistione tra questi [&hellip;]<\/p>\n","protected":false},"author":15,"featured_media":14829,"comment_status":"closed","ping_status":"open","sticky":false,"template":"","format":"standard","meta":{"ub_ctt_via":"","_mi_skip_tracking":false},"categories":[6],"tags":[],"featured_image_src":"https:\/\/www.messinaoggi.it\/website\/wp-content\/uploads\/2018\/01\/conf-stampa-de-luca-RRP_1511-1.jpg","author_info":{"display_name":"red.me","author_link":"https:\/\/www.messinaoggi.it\/website\/author\/red-me\/"},"digistream_id":0,"digistream":false,"_links":{"self":[{"href":"https:\/\/www.messinaoggi.it\/website\/wp-json\/wp\/v2\/posts\/20240"}],"collection":[{"href":"https:\/\/www.messinaoggi.it\/website\/wp-json\/wp\/v2\/posts"}],"about":[{"href":"https:\/\/www.messinaoggi.it\/website\/wp-json\/wp\/v2\/types\/post"}],"author":[{"embeddable":true,"href":"https:\/\/www.messinaoggi.it\/website\/wp-json\/wp\/v2\/users\/15"}],"replies":[{"embeddable":true,"href":"https:\/\/www.messinaoggi.it\/website\/wp-json\/wp\/v2\/comments?post=20240"}],"version-history":[{"count":0,"href":"https:\/\/www.messinaoggi.it\/website\/wp-json\/wp\/v2\/posts\/20240\/revisions"}],"wp:featuredmedia":[{"embeddable":true,"href":"https:\/\/www.messinaoggi.it\/website\/wp-json\/wp\/v2\/media\/14829"}],"wp:attachment":[{"href":"https:\/\/www.messinaoggi.it\/website\/wp-json\/wp\/v2\/media?parent=20240"}],"wp:term":[{"taxonomy":"category","embeddable":true,"href":"https:\/\/www.messinaoggi.it\/website\/wp-json\/wp\/v2\/categories?post=20240"},{"taxonomy":"post_tag","embeddable":true,"href":"https:\/\/www.messinaoggi.it\/website\/wp-json\/wp\/v2\/tags?post=20240"}],"curies":[{"name":"wp","href":"https:\/\/api.w.org\/{rel}","templated":true}]}}