{"id":202343,"date":"2024-06-24T15:31:30","date_gmt":"2024-06-24T13:31:30","guid":{"rendered":"http:\/\/www.messinaoggi.it\/website\/?p=202343"},"modified":"2024-06-24T15:31:54","modified_gmt":"2024-06-24T13:31:54","slug":"casalvecchio-un-museo-dedicato-allabbazia-dei-santi-pietro-e-paolo-dagro","status":"publish","type":"post","link":"https:\/\/www.messinaoggi.it\/website\/2024\/06\/24\/casalvecchio-un-museo-dedicato-allabbazia-dei-santi-pietro-e-paolo-dagro\/","title":{"rendered":"Casalvecchio, un museo dedicato all&#8217;Abbazia dei Santi Pietro e Paolo d\u2019Agr\u00f2"},"content":{"rendered":"\n<p>La sinergia tra Comune di Casalvecchio Siculo, Parco di Naxos e Archeoclub regala al territorio jonico un gioiello davvero unico: un museo immersivo dedicato alla storia ed alle caratteristiche dell&#8217;Abbazia dei Santi Pietro e Paolo d\u2019Agr\u00f2. La struttura \u00e8 stata realizzata nei locali annessi alla chiesa, grazie all\u2019intuizione ed al coordinamento della vice presidente di Archeoclub Area Jonica Messina, Ketty Tam\u00e0, che ne diverr\u00e0 anche la direttrice. L\u2019inaugurazione ha avuto luogo gioved\u00ec pomeriggio, in occasione della X edizione di \u201cMiti, poeti, sogni, pittori e santi nella Valle d\u2019Agr\u00f2\u201d, che Archeoclub organizza da dieci anni in occasione del solstizio d\u2019estate, in collaborazione con Lions Val d\u2019Agr\u00f2, comune e Parco di Naxos, che da qualche anno ha in gestione il bene. L\u2019evento \u00e8 stato introdotto dai saluti di rito (il sindaco, Marco Saetti; l\u2019arch. Daniela Sparacino in rappresentanza del Parco di Naxos; Filippo Brianni per Archeoclub; presenti anche il parroco casalvetino Alessandro Malaponte e la prof. Marinella Arena dell\u2019Universit\u00e0 di Reggio Calabria) e<br>da un prologo affidato a Carmela Gressini  ull\u2019attualit\u00e0 e l\u2019universalit\u00e0 della \u201cScala del Paradiso\u201d, tratta da un testo di teologia mistica di S. Giovanni Climaco contenuta in uno dei libri \u201criprodotti\u201d a S. Pietro ed oggi conservati al Museo dell\u2019Escorial di Madrid dei quali, negli anni scorsi proprio durante il solstizio, ne \u00e8 stato celebrato il ritorno a S. Pietro, seppur in formato digitale. Presenti anche Fabrizio Pedone, Adriano Di Carlo e Davide Silvestri<br>di Odd Agency, che hanno curato gli aspetti tecnici del progetto e la recitazione. Il sindaco Marco Saetti, l\u2019assessore Laura De Clo e Ketty Tam\u00e0 hanno proceduto al rituale taglio del nastro sul prima sala, alle cui pareti<br>scorrono le immagini di Gerasimo (\u201cinterpretato\u201d da Adriano Di Carlo) che<br>supplica Re Ruggero II a finanziare la realizzazione del monastero. Da l\u00ec, l\u2019atto di donazione del 1116 che costituisce l\u2019atto di nascita di questo monumento, che pare abbia avuto un \u201cavo\u201d in epoca bizantina,<br>poi distrutto. In un&#8217;altra sala viene rappresentata la vita quotidiana dei<br>monaci, tratta dai verbali di ispezione e nella parte alta \u00e8 \u201crinato\u201d lo scriptorium, nello stesso luogo in cui sembra si trovasse quasi mille anni<br>fa e dove i monaci si occupavano della trascrizione dei testi. Presenti strumenti multimediali per conoscere i dettagli costruttivi ed architettonici della chiesa con linguaggio e grafica accessibili anche ai giovanissimi.<br>\u201c\u00c8 stato altro importante tassello sul percorso di valorizzazione di questo monumento \u2013 ha dichiarato Filippo Brianni, presidente dei Archeoclub Area Jonica Messina &#8211; che presenta caratteristiche storico-architettoniche<br>uniche e contenenti l\u2019embrione su cui poi si sono sviluppate le opere arabo normanne del Palermitano, divenute patrimonio Unesco. Sarebbero tanti da ringraziare, perch\u00e9 in tanti hanno collaborato all\u2019iniziativa, dalla ricettivit\u00e0 del Comune alla disponibilit\u00e0 totale del Parco, ma \u00e8 evidente che senza Ketty Tam\u00e0 questo museo non sarebbe nato\u201d. Grande soddisfazione per essere riusciti a realizzare il museo \u00e8 stata espressa anche dal sindaco di Casalvecchio, Marco Saetti, e dal suo<br>vice Nino Santoro i quali hanno assicurato \u201cogni iniziativa per renderlo adeguatamente fruibile\u201d.<div id=\"div-gpt-ad-Messinaoggi.it-DSK-300x250-corpoart\" style=\"text-align:center;margin:0 auto;\"><\/div><\/p>\n<div id=\"videoincontent\" style=\"clear:both\";><\/div>","protected":false},"excerpt":{"rendered":"<p>La sinergia tra Comune di Casalvecchio Siculo, Parco di Naxos e Archeoclub regala al territorio jonico un gioiello davvero unico: un museo immersivo dedicato alla storia ed alle caratteristiche dell&#8217;Abbazia dei Santi Pietro e Paolo d\u2019Agr\u00f2. La struttura \u00e8 stata realizzata nei locali annessi alla chiesa, grazie all\u2019intuizione ed al coordinamento della vice presidente di [&hellip;]<\/p>\n","protected":false},"author":4,"featured_media":202344,"comment_status":"open","ping_status":"open","sticky":false,"template":"","format":"standard","meta":{"ub_ctt_via":"","_mi_skip_tracking":false},"categories":[13,15],"tags":[10102,1239,4643,1241],"featured_image_src":"https:\/\/www.messinaoggi.it\/website\/wp-content\/uploads\/2024\/06\/interno-museo-2.jpg","author_info":{"display_name":"redme","author_link":"https:\/\/www.messinaoggi.it\/website\/author\/redme\/"},"digistream_id":0,"digistream":false,"_links":{"self":[{"href":"https:\/\/www.messinaoggi.it\/website\/wp-json\/wp\/v2\/posts\/202343"}],"collection":[{"href":"https:\/\/www.messinaoggi.it\/website\/wp-json\/wp\/v2\/posts"}],"about":[{"href":"https:\/\/www.messinaoggi.it\/website\/wp-json\/wp\/v2\/types\/post"}],"author":[{"embeddable":true,"href":"https:\/\/www.messinaoggi.it\/website\/wp-json\/wp\/v2\/users\/4"}],"replies":[{"embeddable":true,"href":"https:\/\/www.messinaoggi.it\/website\/wp-json\/wp\/v2\/comments?post=202343"}],"version-history":[{"count":1,"href":"https:\/\/www.messinaoggi.it\/website\/wp-json\/wp\/v2\/posts\/202343\/revisions"}],"predecessor-version":[{"id":202345,"href":"https:\/\/www.messinaoggi.it\/website\/wp-json\/wp\/v2\/posts\/202343\/revisions\/202345"}],"wp:featuredmedia":[{"embeddable":true,"href":"https:\/\/www.messinaoggi.it\/website\/wp-json\/wp\/v2\/media\/202344"}],"wp:attachment":[{"href":"https:\/\/www.messinaoggi.it\/website\/wp-json\/wp\/v2\/media?parent=202343"}],"wp:term":[{"taxonomy":"category","embeddable":true,"href":"https:\/\/www.messinaoggi.it\/website\/wp-json\/wp\/v2\/categories?post=202343"},{"taxonomy":"post_tag","embeddable":true,"href":"https:\/\/www.messinaoggi.it\/website\/wp-json\/wp\/v2\/tags?post=202343"}],"curies":[{"name":"wp","href":"https:\/\/api.w.org\/{rel}","templated":true}]}}