{"id":20208,"date":"2018-06-04T10:50:17","date_gmt":"2018-06-04T08:50:17","guid":{"rendered":"http:\/\/www.messinaoggi.it\/website\/?p=20208"},"modified":"2018-06-04T10:50:17","modified_gmt":"2018-06-04T08:50:17","slug":"largo-seggiola-pavimento-killer-anziano-inciampa-e-si-sfregia-il-volto","status":"publish","type":"post","link":"https:\/\/www.messinaoggi.it\/website\/2018\/06\/04\/largo-seggiola-pavimento-killer-anziano-inciampa-e-si-sfregia-il-volto\/","title":{"rendered":"Largo Seggiola, pavimento-killer: anziano inciampa e si sfregia il volto"},"content":{"rendered":"<p style=\"text-align: justify;\">Un noto imprenditore messinese \u00e8 rimasto vittima di un incidente verificatosi ieri a Largo Seggiola. L&#8217;uomo si stava recando al supermercato quando \u00e8 inciampato sul pavimento sconnesso finendo rovinosamente per terra col il volto.<div id=\"div-gpt-ad-Messinaoggi.it-DSK-300x250-corpoart\" style=\"text-align:center;margin:0 auto;\"><\/div><\/p>\n<p style=\"text-align: justify;\">L&#8217;imprenditore di 77 anni \u00e8 stato subito soccorso da alcuni passanti i quali hanno avvisato un&#8217;ambulanza del 118. La vittima \u00e8 stata accompagnata all&#8217;ospedale Piemonte, dove sono stati applicati 30 punti di sutura e riscontrate due fratture al setto nasale e allo zigomo. La prognosi \u00e8 di 30 giorni salvo complicazioni.<div id=\"videoincontent\" style=\"clear:both\";><\/div><\/p>\n<p style=\"text-align: justify;\">Sul luogo dell&#8217;incidente sono intervenuti i vigili urbani, i quali hanno potuto accertare che la caduta del pensionato \u00e8 stata determinata dal pavimento sconnesso del marciapiedi.<\/p>\n<p style=\"text-align: justify;\">Sono insorti i commercianti della zona per via dello stato di abbandono in cui versa Largo Seggiola dopo che l&#8217;amministrazione comunale, su proposta della IV Circoscrizione ha istituito l&#8217;isola pedonale. La zona \u00e8 off-limits per le automobili, ma l&#8217;amministrazione ha pensato bene di abbandonare il resto della zona.<\/p>\n<p style=\"text-align: justify;\">Il manto deformato costituisce un&#8217;insidia per i pedoni, al punto che i residenti della zona dicono si siano verificati altri incidenti.<\/p>\n","protected":false},"excerpt":{"rendered":"<p>Un noto imprenditore messinese \u00e8 rimasto vittima di un incidente verificatosi ieri a Largo Seggiola. L&#8217;uomo si stava recando al supermercato quando \u00e8 inciampato sul pavimento sconnesso finendo rovinosamente per terra col il volto. L&#8217;imprenditore di 77 anni \u00e8 stato subito soccorso da alcuni passanti i quali hanno avvisato un&#8217;ambulanza del 118. La vittima \u00e8 [&hellip;]<\/p>\n","protected":false},"author":2,"featured_media":20207,"comment_status":"closed","ping_status":"open","sticky":false,"template":"","format":"standard","meta":{"ub_ctt_via":"","_mi_skip_tracking":false},"categories":[6],"tags":[],"featured_image_src":"https:\/\/www.messinaoggi.it\/website\/wp-content\/uploads\/2018\/06\/0FA6EE91-C9A4-48EC-83FF-486345AB53A7-1.jpeg","author_info":{"display_name":"Redazione","author_link":"https:\/\/www.messinaoggi.it\/website\/author\/redazione\/"},"digistream_id":0,"digistream":false,"_links":{"self":[{"href":"https:\/\/www.messinaoggi.it\/website\/wp-json\/wp\/v2\/posts\/20208"}],"collection":[{"href":"https:\/\/www.messinaoggi.it\/website\/wp-json\/wp\/v2\/posts"}],"about":[{"href":"https:\/\/www.messinaoggi.it\/website\/wp-json\/wp\/v2\/types\/post"}],"author":[{"embeddable":true,"href":"https:\/\/www.messinaoggi.it\/website\/wp-json\/wp\/v2\/users\/2"}],"replies":[{"embeddable":true,"href":"https:\/\/www.messinaoggi.it\/website\/wp-json\/wp\/v2\/comments?post=20208"}],"version-history":[{"count":0,"href":"https:\/\/www.messinaoggi.it\/website\/wp-json\/wp\/v2\/posts\/20208\/revisions"}],"wp:featuredmedia":[{"embeddable":true,"href":"https:\/\/www.messinaoggi.it\/website\/wp-json\/wp\/v2\/media\/20207"}],"wp:attachment":[{"href":"https:\/\/www.messinaoggi.it\/website\/wp-json\/wp\/v2\/media?parent=20208"}],"wp:term":[{"taxonomy":"category","embeddable":true,"href":"https:\/\/www.messinaoggi.it\/website\/wp-json\/wp\/v2\/categories?post=20208"},{"taxonomy":"post_tag","embeddable":true,"href":"https:\/\/www.messinaoggi.it\/website\/wp-json\/wp\/v2\/tags?post=20208"}],"curies":[{"name":"wp","href":"https:\/\/api.w.org\/{rel}","templated":true}]}}