{"id":202070,"date":"2024-06-21T14:04:23","date_gmt":"2024-06-21T12:04:23","guid":{"rendered":"http:\/\/www.messinaoggi.it\/website\/?p=202070"},"modified":"2024-06-21T18:49:03","modified_gmt":"2024-06-21T16:49:03","slug":"emergenza-idrica-basile-e-bonasera-rassicurano-e-annunciano-i-nuovi-orari-di-distribuzione","status":"publish","type":"post","link":"https:\/\/www.messinaoggi.it\/website\/2024\/06\/21\/emergenza-idrica-basile-e-bonasera-rassicurano-e-annunciano-i-nuovi-orari-di-distribuzione\/","title":{"rendered":"Crisi idrica, Basile e Bonasera rassicurano e avvertono: Basta sprechi&#8221;"},"content":{"rendered":"\n<p>Durante una conferenza stampa svoltasi stamane a Palazzo Zanca, la Giunta guidata da <strong>Federico Basile<\/strong> e i vertici di Amam sono hanno voluto esprimere rassicurazioni ai messinesi sulla difficile questione idrica che sta affrontando la citt\u00e0. <div id=\"div-gpt-ad-Messinaoggi.it-DSK-300x250-corpoart\" style=\"text-align:center;margin:0 auto;\"><\/div><\/p>\n\n\n\n<p>\u201cL\u2019acqua \u00e8 una risorsa fondamentale e va gestita responsabilmente. L\u2019Amministrazione ed Amam faranno il possibile per supportare i cittadini\u201d nell&#8217;affrontare l\u2019emergenza idrica che &#8220;sta interessando non solo Messina ma tutta la Sicilia&#8221; ha spiegato il sindaco <strong>Federico Basile<\/strong>.<div id=\"videoincontent\" style=\"clear:both\";><\/div><\/p>\n\n\n\n<p>\u201cLa situazione che sta vivendo l\u2019intera Sicilia \u00e8 anomala e dipende da vari fattori &#8211; ha spiegato Basile -. Oggi esistono una cabina di regia regionale e uno stato di calamit\u00e0 che forse era prevedibile gi\u00e0 da prima. Comprendo i cittadini perch\u00e9 l\u2019acqua \u00e8 un bene primario, ma ci sono difficolt\u00e0 nella gestione complessiva. Abbiamo intrapreso una serie di azioni gi\u00e0 prima di marzo, uniche del Comune di Messina. I lavori effettuati sei mesi fa e quelli attuali per ridurre le perdite sono l\u2019unica soluzione per mitigare il problema. Due settimane fa abbiamo avuto un incontro con la cabina di regia per illustrare le nostre intenzioni, ma poco \u00e8 stato considerato a causa di situazioni pi\u00f9 critiche&#8221;. <\/p>\n\n\n\n<p>&#8220;Stiamo attuando interventi per reperire risorse idriche con i pozzi di Briga, &#8211; chiarisce il sindaco -. Su questi lavoriamo da un anno, sperando di attivarli entro una settimana. In alternativa pensiamo a interventi vari a nostre spese. Comunicheremo gi\u00e0 da oggi ai cittadini gli orari di erogazione per ogni zona per permettere loro di organizzarsi. L\u2019acqua non \u00e8 infinita\u201d.<\/p>\n\n\n\n<p>&#8220;L\u2019erogazione, rispetto a giugno 2023, \u00e8 stata gi\u00e0 leggermente ridotta a causa della scarsit\u00e0 d\u2019acqua, e non per una decisione aziendale, &#8211; ha specificato il primo cittadino-. Sul sito di Amam sono stati pubblicati<a href=\"https:\/\/1drv.ms\/b\/c\/42f6f376aa1ec3ff\/EWO48LdLZpBPtU2kTvPsgd8BEisQlPYVggNt_guu6JhWPA\" data-type=\"URL\" data-id=\"https:\/\/1drv.ms\/b\/c\/42f6f376aa1ec3ff\/EWO48LdLZpBPtU2kTvPsgd8BEisQlPYVggNt_guu6JhWPA\"> <strong>i nuovi orari di distribuzione<\/strong><\/a> per consentire ai cittadini di organizzarsi. \u00c8 necessario evitare sprechi&#8221;.<\/p>\n\n\n\n<p>La presidente <strong>Loredana Bonasera<\/strong>, ha fatto un promemoria delle azioni promosse da Amam per risolvere i problemi: \u201cI lavori effettuati sulla condotta, il nuovo serbatoio Montesanto quasi pronto e i lavori del Pnrr iniziati il mese scorso per la condotta nel centro citt\u00e0&#8221;. <\/p>\n\n\n\n<p>&#8220;Abbiamo avviato altri progetti per usi non civili. Stiamo promuovendo il riutilizzo dell\u2019acqua degli impianti di depurazione o delle fontane cittadine. Stiamo cercando nuovi pozzi per usi potabili e non, in tutta la citt\u00e0. Per maggiore chiarezza, abbiamo pubblicato sul sito gli orari di distribuzione e potenziato l\u2019ufficio segnalazioni. Chiedo di evitare allarmismi che non giovano alla citt\u00e0. Il problema esiste ma abbiamo messo in atto tutti i progetti possibili per ridurlo\u201d ha aggiunto.<\/p>\n\n\n\n<p>Il direttore generale del Comune di Messina, <strong>Salvo Puccio<\/strong>, ha spiegato che a Fiumefreddo la riduzione idrica \u201cnegli ultimi due anni \u00e8 di circa un metro e mezzo, equivalente al 60% in meno rispetto al livello precedente&#8221;. <\/p>\n\n\n\n<p>&#8220;L\u2019acqua sar\u00e0 ridotta ma non mancher\u00e0. Non ci sar\u00e0 mai un giorno senza, a meno di guasti\u201d ha concluso, cercando di tranquillizzare i cittadini messinesi. <\/p>\n\n\n\n<p><strong>Michele Bruno.<\/strong><\/p>\n","protected":false},"excerpt":{"rendered":"<p>Durante una conferenza stampa svoltasi stamane a Palazzo Zanca, la Giunta guidata da Federico Basile e i vertici di Amam sono hanno voluto esprimere rassicurazioni ai messinesi sulla difficile questione idrica che sta affrontando la citt\u00e0. \u201cL\u2019acqua \u00e8 una risorsa fondamentale e va gestita responsabilmente. L\u2019Amministrazione ed Amam faranno il possibile per supportare i cittadini\u201d [&hellip;]<\/p>\n","protected":false},"author":123457,"featured_media":202166,"comment_status":"open","ping_status":"open","sticky":false,"template":"","format":"standard","meta":{"ub_ctt_via":"","_mi_skip_tracking":false},"categories":[19],"tags":[95,8313,1080,8563,8562,2972,2050,5555,5977],"featured_image_src":"https:\/\/www.messinaoggi.it\/website\/wp-content\/uploads\/2024\/06\/Conferenza-AMAM-2-1.jpg","author_info":{"display_name":"Michele Bruno","author_link":"https:\/\/www.messinaoggi.it\/website\/author\/michele-bruno\/"},"digistream_id":0,"digistream":false,"_links":{"self":[{"href":"https:\/\/www.messinaoggi.it\/website\/wp-json\/wp\/v2\/posts\/202070"}],"collection":[{"href":"https:\/\/www.messinaoggi.it\/website\/wp-json\/wp\/v2\/posts"}],"about":[{"href":"https:\/\/www.messinaoggi.it\/website\/wp-json\/wp\/v2\/types\/post"}],"author":[{"embeddable":true,"href":"https:\/\/www.messinaoggi.it\/website\/wp-json\/wp\/v2\/users\/123457"}],"replies":[{"embeddable":true,"href":"https:\/\/www.messinaoggi.it\/website\/wp-json\/wp\/v2\/comments?post=202070"}],"version-history":[{"count":17,"href":"https:\/\/www.messinaoggi.it\/website\/wp-json\/wp\/v2\/posts\/202070\/revisions"}],"predecessor-version":[{"id":202168,"href":"https:\/\/www.messinaoggi.it\/website\/wp-json\/wp\/v2\/posts\/202070\/revisions\/202168"}],"wp:featuredmedia":[{"embeddable":true,"href":"https:\/\/www.messinaoggi.it\/website\/wp-json\/wp\/v2\/media\/202166"}],"wp:attachment":[{"href":"https:\/\/www.messinaoggi.it\/website\/wp-json\/wp\/v2\/media?parent=202070"}],"wp:term":[{"taxonomy":"category","embeddable":true,"href":"https:\/\/www.messinaoggi.it\/website\/wp-json\/wp\/v2\/categories?post=202070"},{"taxonomy":"post_tag","embeddable":true,"href":"https:\/\/www.messinaoggi.it\/website\/wp-json\/wp\/v2\/tags?post=202070"}],"curies":[{"name":"wp","href":"https:\/\/api.w.org\/{rel}","templated":true}]}}