{"id":202036,"date":"2024-06-21T09:47:06","date_gmt":"2024-06-21T07:47:06","guid":{"rendered":"http:\/\/www.messinaoggi.it\/website\/?p=202036"},"modified":"2024-06-21T09:49:42","modified_gmt":"2024-06-21T07:49:42","slug":"i-parrocchiani-del-villaggio-unrra-rivedranno-il-cardinale-franco-montenegro","status":"publish","type":"post","link":"https:\/\/www.messinaoggi.it\/website\/2024\/06\/21\/i-parrocchiani-del-villaggio-unrra-rivedranno-il-cardinale-franco-montenegro\/","title":{"rendered":"I parrocchiani del Villaggio Unrra rivedranno il Cardinale Franco Montenegro"},"content":{"rendered":"\n<p>Non sar\u00e0 solo una gita fuori porta. Una delegazione di fedeli della parrocchia Madonna della Pace, il prossimo sabato incontrer\u00e0 il Cardinale <strong>Francesco Montenegro<\/strong>, che oggi vive a Piana degli albanesi (Palermo), ma per tutti al Villaggio Unrra era Padre Franco. Ed ancora oggi vuole essere chiamato cos\u00ec dai suoi parrocchiani. <div id=\"div-gpt-ad-Messinaoggi.it-DSK-300x250-corpoart\" style=\"text-align:center;margin:0 auto;\"><\/div><\/p>\n\n\n\n<p>Era l&#8217;agosto del 1969 e padre Franco viene ordinato sacerdote da Monsignor Francesco Fasola, e quello stesso anno viene inviato presso il Villaggio Unrra, che ancora non aveva una sua chiesa, ed ha contribuito assieme a padre Luigi Leta alla fondazione della comunit\u00e0 di fedeli locale. Rimane qui fino al 1971, due anni brevi ma intensi, in cui si \u00e8 fatto amare ed ha lasciato tanti ricordi. Proprio in quell&#8217;anno Monsignor Fasola lo ha voluto come suo segretario particolare, incarico che ha ricoperto fino al 1978, anche con il nuovo arcivescovo messinese <strong>Ignazio Cannav\u00f2<\/strong>. <div id=\"videoincontent\" style=\"clear:both\";><\/div><\/p>\n\n\n\n<p>Dal 1978 al 1988 \u00e8 stato parroco di San Clemente, poi dal 1997 inizia la sua ascesa, diventando provicario generale e nel 2000 vescovo ausiliare dell&#8217;arcidiocesi di Messina-Lipari-Santa Lucia del Mela sotto l&#8217;arcivescovo Giovanni Marra ed anche vescovo di Aurusuliana in Tunisia. Dal maggio 2003 al maggio 2008 diventa presidente della Caritas italiana, esperienza al termine della quale viene nominato da Papa Benedetto XVI arcivescovo di Agrigento, (incarico lasciato nel 2021) e dal maggio 2013 al 2018 \u00e8 stato presidente della Commissione episcopale per le migrazioni della Conferenza episcopale italiana, premiato per il suo impegno per l&#8217;accoglienza dei migranti nella citt\u00e0 siciliana, in quanto molto attento nella sua azione ai pi\u00f9 poveri.<\/p>\n\n\n\n<p> Nel 2015 Papa Francesco lo fa Cardinale a Roma e presidente della Commissione episcopale per il servizio della carit\u00e0 e la salute della Conferenza episcopale italiana. Dal 2023 amministra l&#8217;eparchia di Piana degli Albanesi. Forte il legame col papa argentino, che accoglie durante la visita apostolica a Lampedusa e Linosa.<\/p>\n\n\n\n<p>I tanti incarichi ottenuti nella sua carriera ecclesiastica possono far pensare ad una figura importante e di rilievo all&#8217;interno dell&#8217;organizzazione della Chiesa, ma padre Franco non \u00e8 solo questo. \u00c8 un uomo di carisma ed un pastore esemplare, cos\u00ec infatti lo ricordano i fedeli della Madonna della Pace. Tutti hanno nella memoria quando, arrivato al Villaggio Unrra, sebbene giovanissimo, manifest\u00f2 subito le sue doti di comunicatore e di aggregatore, con un linguaggio semplice e diretto con cui si faceva comprendere da tutti, sia i pi\u00f9 grandi che i pi\u00f9 piccini.<\/p>\n\n\n\n<p>Ci sapeva fare con i giovani in modo particolare, coinvolgendoli a partecipare alla vita della comunit\u00e0, ed era anche molto vicino alle famiglie, con cui spesso condivideva momenti conviviali. <\/p>\n\n\n\n<p>Qualche giovane di allora ricorda ancora quando, guidando una vecchia utilitaria dell&#8217;epoca, spesso restava fermo e si faceva aiutare con qualche spinta. Ci\u00f2 da l&#8217;idea della sua semplicit\u00e0. Qualche famiglia ricorda di aver ricevuto da lui delle cartoline dai suoi viaggi, con la firma &#8220;P. Franco&#8221;, che dimostravano il suo forte legame con i parrocchiani. <\/p>\n\n\n\n<p>Alla fine, anche se al giorno d&#8217;oggi non sembra cos\u00ec, il merito vince sempre e non passa inosservato, e dunque, nonostante il dispiacere dei suoi parrocchiani, padre Franco ha spiccato il volo, rendendoli per\u00f2 fieri ed orgogliosi del suo percorso. <\/p>\n\n\n\n<p>Un fedele in particolare, <strong>Lorenzo Spadaro<\/strong>, \u00e8 riuscito a mantenere con lui dei contatti, malgrado gli impegni del grande prelato, ed oggi si \u00e8 fatto portavoce di questa splendida possibilit\u00e0 di rivederlo dopo tanto tempo, per manifestagli la gratitudine di tanti &#8220;ex giovani&#8221;, che sono gli adulti che lui ha contribuito a formare. <\/p>\n\n\n\n<p><strong>Michele Bruno.<\/strong><\/p>\n\n\n\n<p>Immagine in evidenza: il Cardinale Franco Montenegro, foto dal sito della diocesi di Pistoia. <\/p>\n","protected":false},"excerpt":{"rendered":"<p>Non sar\u00e0 solo una gita fuori porta. Una delegazione di fedeli della parrocchia Madonna della Pace, il prossimo sabato incontrer\u00e0 il Cardinale Francesco Montenegro, che oggi vive a Piana degli albanesi (Palermo), ma per tutti al Villaggio Unrra era Padre Franco. Ed ancora oggi vuole essere chiamato cos\u00ec dai suoi parrocchiani. Era l&#8217;agosto del 1969 [&hellip;]<\/p>\n","protected":false},"author":123457,"featured_media":202040,"comment_status":"open","ping_status":"open","sticky":false,"template":"","format":"standard","meta":{"ub_ctt_via":"","_mi_skip_tracking":false},"categories":[6],"tags":[10091,10090,10089,1442,9498,10092,8671],"featured_image_src":"https:\/\/www.messinaoggi.it\/website\/wp-content\/uploads\/2024\/06\/Francesco-Montenegro-Siracusa-Times.jpg","author_info":{"display_name":"Michele Bruno","author_link":"https:\/\/www.messinaoggi.it\/website\/author\/michele-bruno\/"},"digistream_id":0,"digistream":false,"_links":{"self":[{"href":"https:\/\/www.messinaoggi.it\/website\/wp-json\/wp\/v2\/posts\/202036"}],"collection":[{"href":"https:\/\/www.messinaoggi.it\/website\/wp-json\/wp\/v2\/posts"}],"about":[{"href":"https:\/\/www.messinaoggi.it\/website\/wp-json\/wp\/v2\/types\/post"}],"author":[{"embeddable":true,"href":"https:\/\/www.messinaoggi.it\/website\/wp-json\/wp\/v2\/users\/123457"}],"replies":[{"embeddable":true,"href":"https:\/\/www.messinaoggi.it\/website\/wp-json\/wp\/v2\/comments?post=202036"}],"version-history":[{"count":4,"href":"https:\/\/www.messinaoggi.it\/website\/wp-json\/wp\/v2\/posts\/202036\/revisions"}],"predecessor-version":[{"id":202041,"href":"https:\/\/www.messinaoggi.it\/website\/wp-json\/wp\/v2\/posts\/202036\/revisions\/202041"}],"wp:featuredmedia":[{"embeddable":true,"href":"https:\/\/www.messinaoggi.it\/website\/wp-json\/wp\/v2\/media\/202040"}],"wp:attachment":[{"href":"https:\/\/www.messinaoggi.it\/website\/wp-json\/wp\/v2\/media?parent=202036"}],"wp:term":[{"taxonomy":"category","embeddable":true,"href":"https:\/\/www.messinaoggi.it\/website\/wp-json\/wp\/v2\/categories?post=202036"},{"taxonomy":"post_tag","embeddable":true,"href":"https:\/\/www.messinaoggi.it\/website\/wp-json\/wp\/v2\/tags?post=202036"}],"curies":[{"name":"wp","href":"https:\/\/api.w.org\/{rel}","templated":true}]}}