{"id":202028,"date":"2024-06-20T22:17:00","date_gmt":"2024-06-20T20:17:00","guid":{"rendered":"http:\/\/www.messinaoggi.it\/website\/?p=202028"},"modified":"2024-06-20T22:17:05","modified_gmt":"2024-06-20T20:17:05","slug":"esercito-il-generale-ristuccia-in-visita-ai-reparti","status":"publish","type":"post","link":"https:\/\/www.messinaoggi.it\/website\/2024\/06\/20\/esercito-il-generale-ristuccia-in-visita-ai-reparti\/","title":{"rendered":"Esercito, il generale Ristuccia in visita ai reparti"},"content":{"rendered":"\n<p>Il comandante delle forze operative Sud, Generale di Corpo d\u2019Armata Angelo Michele Ristuccia, ha concluso la visita ai reparti dell\u2019Esercito in Sicilia. L\u2019attivit\u00e0 \u00e8 iniziata luned\u00ec scorso a Messina, dov&#8217;\u00e8 stato accolto a Palazzo Sant\u2019Elia, sede del Comando della Brigata \u201cAosta\u201d, dal Generale Taffuri che ha descritto le principali attivit\u00e0 in atto e quelle future della Brigata. Successivamente, ha incontrato il personale del 5\u00b0 Reggimento Fanteria \u201cAosta\u201d, del 6\u00b0 Reparto Comando e Supporti Tattici e del 24\u00b0 Reggimento Artiglieria \u201cPeloritani\u201d. Nei giorni seguenti, ha fatto tappa prima a Catania, dove ha salutato i militari il 62\u00b0 Reggimento Fanteria \u201cSicilia\u201d che prossimamente saranno impiegati in Kosovo, nell\u2019ambito della missione Nato \u201cJoint Enterprise\u201d, poi a Trapani, dove ha assistito ad un\u2019attivit\u00e0 esercitativa del 6\u00b0 Reggimento Bersaglieri nell\u2019area addestrativa di Milo.<br>A Palermo, nella caserma \u201cScianna\u201d, ha incontrato il personale del 4\u00b0 Reggimento Genio Guastatori e del Reggimento Logistico \u201cAosta\u201d e, nella caserma \u201cCascino\u201d, quello del Reggimento \u201cLancieri d\u2019Aosta\u201d (6\u00b0). Infine, il Comandante delle forze operative Sud, recandosi presso alcuni siti di Caltanissetta e Agrigento, ha salutato anche i militari impiegati nell\u2019Operazione \u201cStrade Sicure\u201d, appartenenti al raggruppamento \u201cSicilia\u201d.<br>Sempre nel capoluogo siciliano, il Gen. Ristuccia \u00e8 stato accolto al Comando Militare Esercito \u201cSicilia\u201d dal Comandante, Generale di Divisione Maurizio Angelo Scardino, che ha illustrato le principali attivit\u00e0 condotte sul territorio, focalizzate alla riqualificazione delle infrastrutture militari, alla valorizzazione del patrimonio architettonico e artistico, alla promozione dei reclutamenti e al ricollocamento professionale del personale volontario in congedo. Nell\u2019occasione, ha presenziato alle cerimonie di termine dei lavori di recupero e restauro, ad opera della Soprintendenza regionale ai Beni Culturali, di alcuni affreschi presso la Caserma \u201cRuggero Settimo\u201d e della Real Scuderia di Palazzo dei Normanni. Nel salutare il personale dei vari reparti, il Gen. Ristuccia ha illustrato la propria visione in aderenza alle linee programmatiche tracciate dal Capo di Stato Maggiore dell\u2019Esercito, evidenziando l\u2019importanza della responsabilit\u00e0 individuale e collettiva nell\u2019essere pronti ad affrontare le sfide di oggi e quelle che \u201cnon ci aspettano\u201d. Dopo aver espresso parole di apprezzamento per l\u2019impegno profuso e la professionalit\u00e0 dimostrata dai militari in ogni situazione, ha fatto riferimento alle proprie origini siciliane, enfatizzando il suo forte legame con la cultura e le tradizioni del territorio. Durante la visita, il Gen. Ristuccia ha incontrato i Prefetti e i Sindaci delle province siciliane con la finalit\u00e0 di consolidare la sinergia tra Esercito e istituzioni e incrementarne il dialogo.<div id=\"div-gpt-ad-Messinaoggi.it-DSK-300x250-corpoart\" style=\"text-align:center;margin:0 auto;\"><\/div><\/p>\n<div id=\"videoincontent\" style=\"clear:both\";><\/div>","protected":false},"excerpt":{"rendered":"<p>Il comandante delle forze operative Sud, Generale di Corpo d\u2019Armata Angelo Michele Ristuccia, ha concluso la visita ai reparti dell\u2019Esercito in Sicilia. L\u2019attivit\u00e0 \u00e8 iniziata luned\u00ec scorso a Messina, dov&#8217;\u00e8 stato accolto a Palazzo Sant\u2019Elia, sede del Comando della Brigata \u201cAosta\u201d, dal Generale Taffuri che ha descritto le principali attivit\u00e0 in atto e quelle future [&hellip;]<\/p>\n","protected":false},"author":4,"featured_media":202029,"comment_status":"open","ping_status":"open","sticky":false,"template":"","format":"standard","meta":{"ub_ctt_via":"","_mi_skip_tracking":false},"categories":[5],"tags":[10088,2353],"featured_image_src":"https:\/\/www.messinaoggi.it\/website\/wp-content\/uploads\/2024\/06\/IMG-20240620-WA0044.jpg","author_info":{"display_name":"redme","author_link":"https:\/\/www.messinaoggi.it\/website\/author\/redme\/"},"digistream_id":0,"digistream":false,"_links":{"self":[{"href":"https:\/\/www.messinaoggi.it\/website\/wp-json\/wp\/v2\/posts\/202028"}],"collection":[{"href":"https:\/\/www.messinaoggi.it\/website\/wp-json\/wp\/v2\/posts"}],"about":[{"href":"https:\/\/www.messinaoggi.it\/website\/wp-json\/wp\/v2\/types\/post"}],"author":[{"embeddable":true,"href":"https:\/\/www.messinaoggi.it\/website\/wp-json\/wp\/v2\/users\/4"}],"replies":[{"embeddable":true,"href":"https:\/\/www.messinaoggi.it\/website\/wp-json\/wp\/v2\/comments?post=202028"}],"version-history":[{"count":1,"href":"https:\/\/www.messinaoggi.it\/website\/wp-json\/wp\/v2\/posts\/202028\/revisions"}],"predecessor-version":[{"id":202030,"href":"https:\/\/www.messinaoggi.it\/website\/wp-json\/wp\/v2\/posts\/202028\/revisions\/202030"}],"wp:featuredmedia":[{"embeddable":true,"href":"https:\/\/www.messinaoggi.it\/website\/wp-json\/wp\/v2\/media\/202029"}],"wp:attachment":[{"href":"https:\/\/www.messinaoggi.it\/website\/wp-json\/wp\/v2\/media?parent=202028"}],"wp:term":[{"taxonomy":"category","embeddable":true,"href":"https:\/\/www.messinaoggi.it\/website\/wp-json\/wp\/v2\/categories?post=202028"},{"taxonomy":"post_tag","embeddable":true,"href":"https:\/\/www.messinaoggi.it\/website\/wp-json\/wp\/v2\/tags?post=202028"}],"curies":[{"name":"wp","href":"https:\/\/api.w.org\/{rel}","templated":true}]}}