{"id":201877,"date":"2024-06-20T08:57:16","date_gmt":"2024-06-20T06:57:16","guid":{"rendered":"http:\/\/www.messinaoggi.it\/website\/?p=201877"},"modified":"2024-06-20T09:09:28","modified_gmt":"2024-06-20T07:09:28","slug":"via-del-mare-un-progetto-targato-buzzanca-e-basile-tagli-i-nastri","status":"publish","type":"post","link":"https:\/\/www.messinaoggi.it\/website\/2024\/06\/20\/via-del-mare-un-progetto-targato-buzzanca-e-basile-tagli-i-nastri\/","title":{"rendered":"Via del Mare, un progetto targato Buzzanca e Basile taglia i nastri"},"content":{"rendered":"\n<p>Un taglio del nastro ogni 950 metri. La via del Mare misura 3,8 km e fino ad oggi fra De Luca e Basile abbiamo assistito a ben tre tagli dei nastri (alcuni artigianali). Manca il quarto e sar\u00e0 quello finale: il sindaco Federico Basile, meglio noto come &#8220;Federico mani di forbice&#8221;, s&#8217;\u00e8 intestato un&#8217;opera che non appartiene n\u00e9 a lui, n\u00e9 all&#8217;ex sindaco Cateno De Luca.<div id=\"div-gpt-ad-Messinaoggi.it-DSK-300x250-corpoart\" style=\"text-align:center;margin:0 auto;\"><\/div><\/p>\n\n\n\n<figure class=\"wp-block-image size-large\"><img loading=\"lazy\" width=\"819\" height=\"1024\" src=\"https:\/\/www.messinaoggi.it\/website\/wp-content\/uploads\/2024\/06\/448688669_1008528577944169_6983845239933062528_n-819x1024.jpg\" alt=\"\" class=\"wp-image-201879\" srcset=\"https:\/\/www.messinaoggi.it\/website\/wp-content\/uploads\/2024\/06\/448688669_1008528577944169_6983845239933062528_n-819x1024.jpg 819w, https:\/\/www.messinaoggi.it\/website\/wp-content\/uploads\/2024\/06\/448688669_1008528577944169_6983845239933062528_n-240x300.jpg 240w, https:\/\/www.messinaoggi.it\/website\/wp-content\/uploads\/2024\/06\/448688669_1008528577944169_6983845239933062528_n-768x960.jpg 768w, https:\/\/www.messinaoggi.it\/website\/wp-content\/uploads\/2024\/06\/448688669_1008528577944169_6983845239933062528_n.jpg 1080w\" sizes=\"(max-width: 819px) 100vw, 819px\" \/><figcaption><strong>La saga continua&#8230;.<\/strong><\/figcaption><\/figure>\n\n\n\n<p>In realt\u00e0, il progetto della via del Mare appartiene a pieno titolo (politicamente parlando), all&#8217;ex sindaco di Messina, Peppino Buzzanca. All&#8217;epoca dei fatti con la sua giunta venne progettata l&#8217;opera e soprattutto reperite le fonti di finanziamento.<div id=\"videoincontent\" style=\"clear:both\";><\/div><\/p>\n\n\n\n<p>Poi, per via di commissariamenti vari l&#8217;opera sub\u00ec uno stop e rimessa in piedi dall&#8217;allora sindaco Cateno De Luca. Oggi Federico Basile passa all&#8217;incasso e con grande disinvoltura seguita a mostrare la forbice per tagliare nastri di un&#8217;opera che non gli appartiene affatto.<\/p>\n\n\n\n<p>Anzi, al contrario, se si \u00e8 registrato un rallentamento lo si deve attribuire propri a questa amministrazione che non ha gestito al meglio la vicenda &#8220;Rifotras&#8221;.<\/p>\n","protected":false},"excerpt":{"rendered":"<p>Un taglio del nastro ogni 950 metri. La via del Mare misura 3,8 km e fino ad oggi fra De Luca e Basile abbiamo assistito a ben tre tagli dei nastri (alcuni artigianali). Manca il quarto e sar\u00e0 quello finale: il sindaco Federico Basile, meglio noto come &#8220;Federico mani di forbice&#8221;, s&#8217;\u00e8 intestato un&#8217;opera che [&hellip;]<\/p>\n","protected":false},"author":2,"featured_media":201878,"comment_status":"open","ping_status":"open","sticky":false,"template":"","format":"standard","meta":{"ub_ctt_via":"","_mi_skip_tracking":false},"categories":[6],"tags":[126,2972,4279,3238,10084],"featured_image_src":"https:\/\/www.messinaoggi.it\/website\/wp-content\/uploads\/2024\/06\/448636063_458410743457217_1115399079869515059_n.jpg","author_info":{"display_name":"Redazione","author_link":"https:\/\/www.messinaoggi.it\/website\/author\/redazione\/"},"digistream_id":0,"digistream":false,"_links":{"self":[{"href":"https:\/\/www.messinaoggi.it\/website\/wp-json\/wp\/v2\/posts\/201877"}],"collection":[{"href":"https:\/\/www.messinaoggi.it\/website\/wp-json\/wp\/v2\/posts"}],"about":[{"href":"https:\/\/www.messinaoggi.it\/website\/wp-json\/wp\/v2\/types\/post"}],"author":[{"embeddable":true,"href":"https:\/\/www.messinaoggi.it\/website\/wp-json\/wp\/v2\/users\/2"}],"replies":[{"embeddable":true,"href":"https:\/\/www.messinaoggi.it\/website\/wp-json\/wp\/v2\/comments?post=201877"}],"version-history":[{"count":2,"href":"https:\/\/www.messinaoggi.it\/website\/wp-json\/wp\/v2\/posts\/201877\/revisions"}],"predecessor-version":[{"id":201886,"href":"https:\/\/www.messinaoggi.it\/website\/wp-json\/wp\/v2\/posts\/201877\/revisions\/201886"}],"wp:featuredmedia":[{"embeddable":true,"href":"https:\/\/www.messinaoggi.it\/website\/wp-json\/wp\/v2\/media\/201878"}],"wp:attachment":[{"href":"https:\/\/www.messinaoggi.it\/website\/wp-json\/wp\/v2\/media?parent=201877"}],"wp:term":[{"taxonomy":"category","embeddable":true,"href":"https:\/\/www.messinaoggi.it\/website\/wp-json\/wp\/v2\/categories?post=201877"},{"taxonomy":"post_tag","embeddable":true,"href":"https:\/\/www.messinaoggi.it\/website\/wp-json\/wp\/v2\/tags?post=201877"}],"curies":[{"name":"wp","href":"https:\/\/api.w.org\/{rel}","templated":true}]}}