{"id":20187,"date":"2018-06-03T00:30:02","date_gmt":"2018-06-02T22:30:02","guid":{"rendered":"http:\/\/www.messinaoggi.it\/website\/?p=20187"},"modified":"2018-06-03T00:30:02","modified_gmt":"2018-06-02T22:30:02","slug":"addetto-della-carontetourist-aggredito-da-extracomunitario-la-societa-rada-san-francesco-abbandonata","status":"publish","type":"post","link":"https:\/\/www.messinaoggi.it\/website\/2018\/06\/03\/addetto-della-carontetourist-aggredito-da-extracomunitario-la-societa-rada-san-francesco-abbandonata\/","title":{"rendered":"Addetto della Caronte&#038;Tourist aggredito da extracomunitario, la societ\u00e0: &quot;Rada San Francesco abbandonata&quot;"},"content":{"rendered":"<p>Dopo l\u2019ennesimo episodio di aggressione da parte di un questuante extracomunicatario ai danni di un addetto verificatosi nella mattinata di oggi agli imbarchi di Rada S. Franceso il Gruppo Caronte&amp;Tourist rende noto quanto segue.<br \/>\nLa recrudescenza di tali fenomeni e la delicata e complicata gestione delle condizioni di sicurezza del piazzale d\u2019imbarco di Rada San Francesco e in particolare della zona in prossimit\u00e0 del semaforo all\u2019incrocio tra il viale della Libert\u00e0 e il viale Giostra, all\u2019ingresso del \u201c<em>serpentone<\/em>\u201d \u00e8 stata segnalata pi\u00f9 volte dal Gruppo Caronte&amp;Tourist alla Prefettura e alla Questura di Messina.<br \/>\nMa nonostante ci\u00f2 Rada San Francesco, la \u201cporta\u201d della Sicilia, biglietto da visita dell\u2019Isola per tutti i turisti, \u00e8 ancora regolarmente \u201c<em>presidiata<\/em>\u201d da squadre di ambulanti, questuanti, lavavetri che non esitano a importunare i clienti che rifiutano le loro richieste e profferte \u2013 peraltro espresse sempre in termini estremamente pressanti &#8211; nonch\u00e9 a reagire (anche violentemente) agli addetti alla sicurezza del piazzale che li invitano a desistere e allontanarsi.<br \/>\nRelativamente all\u2019episodio verificatosi nella mattinata di oggi, i dipendenti della Stretto Service, che gestisce il servizio di vigilanza \u00a0non armata, hanno ancora una volta ripetutamente informato le Forze dell\u2019ordine dell\u2019accaduto. Queste ultime oltre a essere comprensibilmente impegnate in altri e ben pi\u00f9 rilevanti servizi, hanno manifestato, ancora una volta, la loro impossibilit\u00e0 di ottenere risultati di significativa concretezza poich\u00e9 in molti casi la condizione di <em>richiedenti asilo <\/em>esclude anche la possibilit\u00e0 di essere sottoposti a fermo di polizia.<br \/>\nVa sottolineato che la Caronte &amp; Tourist SpA, gi\u00e0 nell\u2019agosto dell 2017 ha \u00a0pensato di operare in autonomia, investendo mezzi propri per garantire sicurezza ai propri clienti e presentando alla Prefettura di Messina istanza di rilascio della licenza \u201c<em>per gestire direttamente i servizi di sicurezza sussidiaria ai sensi degli artt. 1 e 2 del decreto 15 settembre 2009 in Messina, nelle aree di demanio marittimo in concessione (Rada San Francesco)<\/em>\u201d.<br \/>\nAllo stato tuttavia non si ha notizia circa l\u2019esito dell\u2019istanza.<div id=\"div-gpt-ad-Messinaoggi.it-DSK-300x250-corpoart\" style=\"text-align:center;margin:0 auto;\"><\/div><\/p>\n<div id=\"videoincontent\" style=\"clear:both\";><\/div>","protected":false},"excerpt":{"rendered":"<p>Dopo l\u2019ennesimo episodio di aggressione da parte di un questuante extracomunicatario ai danni di un addetto verificatosi nella mattinata di oggi agli imbarchi di Rada S. Franceso il Gruppo Caronte&amp;Tourist rende noto quanto segue. La recrudescenza di tali fenomeni e la delicata e complicata gestione delle condizioni di sicurezza del piazzale d\u2019imbarco di Rada San [&hellip;]<\/p>\n","protected":false},"author":15,"featured_media":13114,"comment_status":"closed","ping_status":"open","sticky":false,"template":"","format":"standard","meta":{"ub_ctt_via":"","_mi_skip_tracking":false},"categories":[6],"tags":[],"featured_image_src":"https:\/\/www.messinaoggi.it\/website\/wp-content\/uploads\/2017\/12\/telepass-Caronte1.jpg","author_info":{"display_name":"red.me","author_link":"https:\/\/www.messinaoggi.it\/website\/author\/red-me\/"},"digistream_id":0,"digistream":false,"_links":{"self":[{"href":"https:\/\/www.messinaoggi.it\/website\/wp-json\/wp\/v2\/posts\/20187"}],"collection":[{"href":"https:\/\/www.messinaoggi.it\/website\/wp-json\/wp\/v2\/posts"}],"about":[{"href":"https:\/\/www.messinaoggi.it\/website\/wp-json\/wp\/v2\/types\/post"}],"author":[{"embeddable":true,"href":"https:\/\/www.messinaoggi.it\/website\/wp-json\/wp\/v2\/users\/15"}],"replies":[{"embeddable":true,"href":"https:\/\/www.messinaoggi.it\/website\/wp-json\/wp\/v2\/comments?post=20187"}],"version-history":[{"count":0,"href":"https:\/\/www.messinaoggi.it\/website\/wp-json\/wp\/v2\/posts\/20187\/revisions"}],"wp:featuredmedia":[{"embeddable":true,"href":"https:\/\/www.messinaoggi.it\/website\/wp-json\/wp\/v2\/media\/13114"}],"wp:attachment":[{"href":"https:\/\/www.messinaoggi.it\/website\/wp-json\/wp\/v2\/media?parent=20187"}],"wp:term":[{"taxonomy":"category","embeddable":true,"href":"https:\/\/www.messinaoggi.it\/website\/wp-json\/wp\/v2\/categories?post=20187"},{"taxonomy":"post_tag","embeddable":true,"href":"https:\/\/www.messinaoggi.it\/website\/wp-json\/wp\/v2\/tags?post=20187"}],"curies":[{"name":"wp","href":"https:\/\/api.w.org\/{rel}","templated":true}]}}