{"id":20174,"date":"2018-06-02T11:56:12","date_gmt":"2018-06-02T09:56:12","guid":{"rendered":"http:\/\/www.messinaoggi.it\/website\/?p=20174"},"modified":"2018-06-02T11:56:12","modified_gmt":"2018-06-02T09:56:12","slug":"governo-conte-cancelleri-ce-molto-da-lavorare-grande-attenzione-verra-posta-al-sud","status":"publish","type":"post","link":"https:\/\/www.messinaoggi.it\/website\/2018\/06\/02\/governo-conte-cancelleri-ce-molto-da-lavorare-grande-attenzione-verra-posta-al-sud\/","title":{"rendered":"Governo Conte, Cancelleri: &quot;C&#039;\u00e8 molto da lavorare. Grande attenzione verr\u00e0 posta al Sud&quot;"},"content":{"rendered":"<p style=\"text-align: justify\">\u00c8 finita. Si \u00e8 conclusa la gravissima crisi politica, istituzionale e finanziaria che ha tenuto in stallo per quasi una settimana il nostro paese, consentendoci finalmente di poter celebrare in un clima pi\u00f9 disteso la festa della Repubblica italiana: ieri il governo Conte ha giurato al Quirinale, dando cos\u00ec avvio al primo governo giallo-verde della storia repubblicana.<div id=\"div-gpt-ad-Messinaoggi.it-DSK-300x250-corpoart\" style=\"text-align:center;margin:0 auto;\"><\/div><\/p>\n<p style=\"text-align: justify\">Soddisfatto per l\u2019esito delle trattative il capogruppo del Movimento 5 Stelle all\u2019Ars, Giancarlo Cancelleri, che tra i diversi esponenti pentastellati presenti in Sicilia \u00e8 sicuramente quello che vanta il pi\u00f9 stretto legame con il nuovo vicepresidente del Consiglio e al contempo ministro del Lavoro e dello Sviluppo economico Luigi Di Maio. Cancelleri si dichiara molto fiducioso per il nuovo governo, e in particolare ha affermato che col nuovo esecutivo, grazie anche alla nomina della pentastellata Barbara Lezzi quale ministra per il Sud, verranno gettate le basi per un rilancio del Mezzogiorno e dell\u2019Isola: \u201cDifenderemo gli interessi della Sicilia e del Sud, perch\u00e9 senza un rilancio del Mezzogiorno il Paese non potr\u00e0 crescere\u201d, dichiara Cancelleri, che poi aggiunge: \u201cIntanto c&#8217;\u00e8 una maggiore attenzione al Mezzogiorno con il ministro per il Sud\u201d.<div id=\"videoincontent\" style=\"clear:both\";><\/div><\/p>\n<p style=\"text-align: justify\">Nello specifico, per il capogruppo del Movimento 5 Stelle all\u2019Ars il rilancio della Sicilia dovrebbe partire da un importante dossier, vale a dire quello delle infrastrutture e dei trasporti. Infatti, Cancelleri pone la sua attenzione sul progetto della linea ferroviaria veloce tra Palermo e Messina, che a suo modo di vedere andrebbe modificato. Secondo il pentastellato, piuttosto che velocizzare la linea tra Palermo e Messina, sarebbe pi\u00f9 utile realizzare una linea ad alta velocit\u00e0 tra Palermo e Catania, in modo tale da realizzare cos\u00ec anche dei collegamenti con l\u2019entroterra siciliano: \u201cC&#8217;\u00e8 molto da lavorare, specialmente in Sicilia. Penso alle infrastrutture e ai trasporti, e in particolare alla linea ferroviaria veloce tra Palermo e Messina, che nel progetto attuale prevede un tunnel di sessanta chilometri sotto i Nebrodi. Penso sia pi\u00f9 utile velocizzare la linea Palermo-Catania prevedendo collegamenti anche con Enna e Caltanissetta\u201d. Sul fronte autostradale Cancelleri invece propone il rilancio di vecchie linee e il completamento di quelle rimaste in sospeso: \u201cRilanceremo la Catania-Ragusa e il completamento della Rosolini-Gela-Castelvetrano\u201d.<\/p>\n<p style=\"text-align: justify\">E il reddito di cittadinanza? Il pentastellato non ha dubbi circa la sua realizzazione e rispondendo ai pi\u00f9 scettici dichiara: \u201c\u00c8 una parte fondamentale del nostro programma, si far\u00e0\u201d.<\/p>\n","protected":false},"excerpt":{"rendered":"<p>\u00c8 finita. Si \u00e8 conclusa la gravissima crisi politica, istituzionale e finanziaria che ha tenuto in stallo per quasi una settimana il nostro paese, consentendoci finalmente di poter celebrare in un clima pi\u00f9 disteso la festa della Repubblica italiana: ieri il governo Conte ha giurato al Quirinale, dando cos\u00ec avvio al primo governo giallo-verde della [&hellip;]<\/p>\n","protected":false},"author":10,"featured_media":10523,"comment_status":"closed","ping_status":"open","sticky":false,"template":"","format":"standard","meta":{"ub_ctt_via":"","_mi_skip_tracking":false},"categories":[11],"tags":[],"featured_image_src":"https:\/\/www.messinaoggi.it\/website\/wp-content\/uploads\/2017\/10\/5051di-maio-e-cancelleri-a-messina.jpg","author_info":{"display_name":"Paolo Mustica","author_link":"https:\/\/www.messinaoggi.it\/website\/author\/p-mustica\/"},"digistream_id":0,"digistream":false,"_links":{"self":[{"href":"https:\/\/www.messinaoggi.it\/website\/wp-json\/wp\/v2\/posts\/20174"}],"collection":[{"href":"https:\/\/www.messinaoggi.it\/website\/wp-json\/wp\/v2\/posts"}],"about":[{"href":"https:\/\/www.messinaoggi.it\/website\/wp-json\/wp\/v2\/types\/post"}],"author":[{"embeddable":true,"href":"https:\/\/www.messinaoggi.it\/website\/wp-json\/wp\/v2\/users\/10"}],"replies":[{"embeddable":true,"href":"https:\/\/www.messinaoggi.it\/website\/wp-json\/wp\/v2\/comments?post=20174"}],"version-history":[{"count":0,"href":"https:\/\/www.messinaoggi.it\/website\/wp-json\/wp\/v2\/posts\/20174\/revisions"}],"wp:featuredmedia":[{"embeddable":true,"href":"https:\/\/www.messinaoggi.it\/website\/wp-json\/wp\/v2\/media\/10523"}],"wp:attachment":[{"href":"https:\/\/www.messinaoggi.it\/website\/wp-json\/wp\/v2\/media?parent=20174"}],"wp:term":[{"taxonomy":"category","embeddable":true,"href":"https:\/\/www.messinaoggi.it\/website\/wp-json\/wp\/v2\/categories?post=20174"},{"taxonomy":"post_tag","embeddable":true,"href":"https:\/\/www.messinaoggi.it\/website\/wp-json\/wp\/v2\/tags?post=20174"}],"curies":[{"name":"wp","href":"https:\/\/api.w.org\/{rel}","templated":true}]}}