{"id":201629,"date":"2024-06-18T12:54:33","date_gmt":"2024-06-18T10:54:33","guid":{"rendered":"http:\/\/www.messinaoggi.it\/website\/?p=201629"},"modified":"2024-06-18T12:54:34","modified_gmt":"2024-06-18T10:54:34","slug":"concerti-il-22-agosto-a-capo-peloro-arriva-alfa","status":"publish","type":"post","link":"https:\/\/www.messinaoggi.it\/website\/2024\/06\/18\/concerti-il-22-agosto-a-capo-peloro-arriva-alfa\/","title":{"rendered":"Concerti, il 22 agosto a Capo Peloro arriva Alfa"},"content":{"rendered":"\n<p>Arriva notizia di un nuovo evento musicale promosso dall\u2019Amministrazione comunale a Messina. Alfa, nome d&#8217;arte di Andrea De Filippi, il giovane cantautore genovese, ha annunciato tra le date estive del suo tour \u201c<strong><em>Non so chi ha creato il mondo ma so che era innamorato<\/em><\/strong>\u201d, la tappa a Messina il 22 agosto prossimo. Alfa si esibir\u00e0 nella suggestiva cornice di Capo Peloro.<div id=\"div-gpt-ad-Messinaoggi.it-DSK-300x250-corpoart\" style=\"text-align:center;margin:0 auto;\"><\/div><\/p>\n\n\n\n<p>&#8220;Oggi \u00e8 ufficiale &#8211; affermano il sindaco Federico Basile e l\u2019assessore ai Grandi eventi Massimo Finocchiaro &#8211; la presenza di Alfa a Messina con la sua musica nella quale l\u2019amore fa da filo conduttore di tutte le sue canzoni, siamo certi sar\u00e0 un altro spettacolo musicale che risponder\u00e0 al meglio alla volont\u00e0 dell\u2019Amministrazione di coniugare la musica con i valori dell\u2019aggregazione e dell\u2019inclusione sociale\u201d.  <div id=\"videoincontent\" style=\"clear:both\";><\/div><\/p>\n\n\n\n<p>Un percorso artistico, quello di Alfa, fatto di piccoli passi, di sogni, del coraggio di non arrendersi mai e dell&#8217;amore in ogni forma: quello dei suoi amici e dei suoi genitori, quello ascoltato nelle canzoni. Il tour estivo <strong>\u201c<\/strong><em>Non so chi ha creato il mondo ma so che era innamorato\u201d<\/em><strong><em>, <\/em><\/strong>prende il nome dal suo nuovo lavoro discografico uscito il 16 febbraio scorso sulle piattaforme digitali ed il 23 febbraio in formato picture disc. <\/p>\n\n\n\n<p>L\u2019album, composto da 10 canzoni, contiene \u201cVai!\u201d (certificato Disco d\u2019Oro), il brano presentato al Festival di Sanremo 2024 con cui ha conquistato giovani e meno giovani, insieme all\u2019emozionante duetto con Roberto Vecchioni sulle note di \u201cSogna ragazzo sogna\u201d, guadagnandosi l\u2019appellativo di artista rivelazione del Festival.<\/p>\n\n\n\n<p>I biglietti sono in vendita online a partire da oggi, marted\u00ec 18 giugno, su #ticketone e presso tutti i punti vendita autorizzati.<\/p>\n\n\n\n<p>Immagine in evidenza: Alfa, foto dal profilo instagram ufficiale. <\/p>\n","protected":false},"excerpt":{"rendered":"<p>Arriva notizia di un nuovo evento musicale promosso dall\u2019Amministrazione comunale a Messina. Alfa, nome d&#8217;arte di Andrea De Filippi, il giovane cantautore genovese, ha annunciato tra le date estive del suo tour \u201cNon so chi ha creato il mondo ma so che era innamorato\u201d, la tappa a Messina il 22 agosto prossimo. Alfa si esibir\u00e0 [&hellip;]<\/p>\n","protected":false},"author":15,"featured_media":201632,"comment_status":"open","ping_status":"open","sticky":false,"template":"","format":"standard","meta":{"ub_ctt_via":"","_mi_skip_tracking":false},"categories":[6],"tags":[10080,1587,147,142,2516,7763],"featured_image_src":"https:\/\/www.messinaoggi.it\/website\/wp-content\/uploads\/2024\/06\/Screenshot_20240618_125111_Chrome.jpg","author_info":{"display_name":"red.me","author_link":"https:\/\/www.messinaoggi.it\/website\/author\/red-me\/"},"digistream_id":0,"digistream":false,"_links":{"self":[{"href":"https:\/\/www.messinaoggi.it\/website\/wp-json\/wp\/v2\/posts\/201629"}],"collection":[{"href":"https:\/\/www.messinaoggi.it\/website\/wp-json\/wp\/v2\/posts"}],"about":[{"href":"https:\/\/www.messinaoggi.it\/website\/wp-json\/wp\/v2\/types\/post"}],"author":[{"embeddable":true,"href":"https:\/\/www.messinaoggi.it\/website\/wp-json\/wp\/v2\/users\/15"}],"replies":[{"embeddable":true,"href":"https:\/\/www.messinaoggi.it\/website\/wp-json\/wp\/v2\/comments?post=201629"}],"version-history":[{"count":3,"href":"https:\/\/www.messinaoggi.it\/website\/wp-json\/wp\/v2\/posts\/201629\/revisions"}],"predecessor-version":[{"id":201633,"href":"https:\/\/www.messinaoggi.it\/website\/wp-json\/wp\/v2\/posts\/201629\/revisions\/201633"}],"wp:featuredmedia":[{"embeddable":true,"href":"https:\/\/www.messinaoggi.it\/website\/wp-json\/wp\/v2\/media\/201632"}],"wp:attachment":[{"href":"https:\/\/www.messinaoggi.it\/website\/wp-json\/wp\/v2\/media?parent=201629"}],"wp:term":[{"taxonomy":"category","embeddable":true,"href":"https:\/\/www.messinaoggi.it\/website\/wp-json\/wp\/v2\/categories?post=201629"},{"taxonomy":"post_tag","embeddable":true,"href":"https:\/\/www.messinaoggi.it\/website\/wp-json\/wp\/v2\/tags?post=201629"}],"curies":[{"name":"wp","href":"https:\/\/api.w.org\/{rel}","templated":true}]}}