{"id":201606,"date":"2024-06-17T20:58:43","date_gmt":"2024-06-17T18:58:43","guid":{"rendered":"http:\/\/www.messinaoggi.it\/website\/?p=201606"},"modified":"2024-06-17T20:59:12","modified_gmt":"2024-06-17T18:59:12","slug":"i-tesori-della-val-dagro-nel-mirino-dellarcheoclub","status":"publish","type":"post","link":"https:\/\/www.messinaoggi.it\/website\/2024\/06\/17\/i-tesori-della-val-dagro-nel-mirino-dellarcheoclub\/","title":{"rendered":"I tesori della Val d&#8217;Agr\u00f2 nel mirino dell&#8217;Archeoclub"},"content":{"rendered":"\n<p>Archeoclub Area Ionica Messina ha proposto quest\u2019anno il sito archeologico di Scif\u00ec per partecipare alle Giornate europee<br>dell\u2019Archeologia cui aderisce anche Archeoclub d\u2019Italia e le sue sedi periferiche. Ieri, presso il sito archeologico di Scif\u00ec, il presidente Filippo Brianni ha illustrato le caratteristiche del sito e le vicende che hanno portato alla sua scoperta da parte dell\u2019ing. Giuseppe Lombardo nel lontano 1987, nonch\u00e9 le evoluzioni degli scavi e la necessit\u00e0 che le indagini proseguono per accertare l\u2019esatta natura degli<br>imponenti resti finora ritrovati, di et\u00e0 principalmente romana ed in parte greca. Poi l\u2019attenzione si \u00e8 concentrata sulla tesi del prof. Lombardo circa la collocazione sulla riviera jonica della famosa scena del XII canto<br>dell\u2019Odissea del sacrilegio dei buoi del Dio Sole.<br>Le letture dei brani omerici sono stati eseguiti da Ketty Tam\u00e0 ed Agostina La Torre, mentre le nipoti del professore Lombardo, Giulia e<br>Stefania Lombardo, hanno dato lettura della tesi contenuta nel libro \u201cScif\u00ec, da Omero ad oggi\u201d. La presidente dell\u2019Osservatorio dei Beni culturali, Ninuccia Foti, ha auspicato che il testo di Lombardo sia oggetto di approfondimento nelle scuole.<br>Domani Archeoclub sar\u00e0 partner di un evento organizzato da Comune di Limina, che presso il centro Scaldara allestir\u00e0 la proiezione del film &#8220;La porta dell\u2019Inferno&#8221;, alla presenza del suo regista, il siculo-americano Michael Cavalieri. Il film tratta delle vicende degli zolfatari, soprattutto in Sicilia meridionale, ma Cavalieri \u00e8 anche nipote di un emigrante liminese al quale alcuni anni fa dedic\u00f2 il film, \u201cRitornato\u201d.<br>IL 20 GIUGNO, MUSEO IMMERSIVO A S. PIETRO<br>La Decima edizione di \u201cMiti, poeti, sogni, pittori e santi nella Valle d\u2019Agr\u00f2\u201d avr\u00e0 luogo gioved\u00ec 20 giugno. Sar\u00e0 l\u2019occasione per l\u2019inaugurazione del<br>museo immersivo dei SS. Pietro e Paolo di Agr\u00f2, realizzato nei locali annessi all\u2019Abbazia grazie alla sinergia tra Comune, Parco di Naxos ed<br>Archeoclub e grazie soprattutto al coordinamento di Ketty Tam\u00e0 (vice<br>presidente di Archeoclub Area Ionica), che ne sar\u00e0 la direttrice. L\u2019evento inizier\u00e0 alle 17.30 con un prologo di Carmela Gressini sulla \u201cScala<br>Paradisi: una guida di imperturbabile modernit\u00e0 dalla biblioteca medievale dei SS. Pietro e Paolo d\u2019Agr\u00f2\u201d. Dopo avr\u00e0 luogo<br>l\u2019inaugurazione del museo che verr\u00e0 illustrato da Ketty Tam\u00e0 alla presenza del sindaco, Marco Saetti, della direttrice del Parco di Naxos Gabriella Tigano, del presidente di Archeoclub Area Jonica Filippo Brianni, della prof.ssa Marinella Arena, della Odd Agency e del sacerdote casalvetino, don Alessandro Malaponte. Tra l\u2019altro, sabato 22, Casalvecchio assister\u00e0 ad un\u2019altra inaugurazione, quella della chiesa di S. Teodoro recentemente salvata e restaurata.<div id=\"div-gpt-ad-Messinaoggi.it-DSK-300x250-corpoart\" style=\"text-align:center;margin:0 auto;\"><\/div><\/p>\n\n\n\n<p><div id=\"videoincontent\" style=\"clear:both\";><\/div><\/p>\n\n\n\n<p><\/p>\n\n\n\n<hr class=\"wp-block-separator\"\/>\n","protected":false},"excerpt":{"rendered":"<p>Archeoclub Area Ionica Messina ha proposto quest\u2019anno il sito archeologico di Scif\u00ec per partecipare alle Giornate europeedell\u2019Archeologia cui aderisce anche Archeoclub d\u2019Italia e le sue sedi periferiche. Ieri, presso il sito archeologico di Scif\u00ec, il presidente Filippo Brianni ha illustrato le caratteristiche del sito e le vicende che hanno portato alla sua scoperta da parte [&hellip;]<\/p>\n","protected":false},"author":4,"featured_media":201607,"comment_status":"open","ping_status":"open","sticky":false,"template":"","format":"standard","meta":{"ub_ctt_via":"","_mi_skip_tracking":false},"categories":[13,15],"tags":[1239,4643,1241,10079],"featured_image_src":"https:\/\/www.messinaoggi.it\/website\/wp-content\/uploads\/2024\/06\/Foto-1-GEA-Scifi-sito.jpg","author_info":{"display_name":"redme","author_link":"https:\/\/www.messinaoggi.it\/website\/author\/redme\/"},"digistream_id":0,"digistream":false,"_links":{"self":[{"href":"https:\/\/www.messinaoggi.it\/website\/wp-json\/wp\/v2\/posts\/201606"}],"collection":[{"href":"https:\/\/www.messinaoggi.it\/website\/wp-json\/wp\/v2\/posts"}],"about":[{"href":"https:\/\/www.messinaoggi.it\/website\/wp-json\/wp\/v2\/types\/post"}],"author":[{"embeddable":true,"href":"https:\/\/www.messinaoggi.it\/website\/wp-json\/wp\/v2\/users\/4"}],"replies":[{"embeddable":true,"href":"https:\/\/www.messinaoggi.it\/website\/wp-json\/wp\/v2\/comments?post=201606"}],"version-history":[{"count":1,"href":"https:\/\/www.messinaoggi.it\/website\/wp-json\/wp\/v2\/posts\/201606\/revisions"}],"predecessor-version":[{"id":201608,"href":"https:\/\/www.messinaoggi.it\/website\/wp-json\/wp\/v2\/posts\/201606\/revisions\/201608"}],"wp:featuredmedia":[{"embeddable":true,"href":"https:\/\/www.messinaoggi.it\/website\/wp-json\/wp\/v2\/media\/201607"}],"wp:attachment":[{"href":"https:\/\/www.messinaoggi.it\/website\/wp-json\/wp\/v2\/media?parent=201606"}],"wp:term":[{"taxonomy":"category","embeddable":true,"href":"https:\/\/www.messinaoggi.it\/website\/wp-json\/wp\/v2\/categories?post=201606"},{"taxonomy":"post_tag","embeddable":true,"href":"https:\/\/www.messinaoggi.it\/website\/wp-json\/wp\/v2\/tags?post=201606"}],"curies":[{"name":"wp","href":"https:\/\/api.w.org\/{rel}","templated":true}]}}