{"id":201604,"date":"2024-06-17T20:46:37","date_gmt":"2024-06-17T18:46:37","guid":{"rendered":"http:\/\/www.messinaoggi.it\/website\/?p=201604"},"modified":"2024-06-17T20:46:42","modified_gmt":"2024-06-17T18:46:42","slug":"arriva-minosse-e-porta-la-grande-calura","status":"publish","type":"post","link":"https:\/\/www.messinaoggi.it\/website\/2024\/06\/17\/arriva-minosse-e-porta-la-grande-calura\/","title":{"rendered":"Arriva &#8220;Minosse&#8221; e porta la grande calura"},"content":{"rendered":"\n<p>In una Sicilia gi\u00e0 assetata e su cui incombe lo spettro di Minosse si acuisce l&#8217;emergenza siccit\u00e0 con gli invasi sempre pi\u00f9 vuoti e le campagne sempre pi\u00f9 arse. Per la penuria di precipitazioni sono a rischio non solo le produzioni di grano, pesche ed ortaggi, ma anche di uva da tavola e fichi d&#8217;india. La carenza d&#8217;acqua rischia di avere conseguenze sulla dimensione del frutto e quindi sulla sua pezzatura. Il clima torrido sta per mandare in tilt anche l&#8217;uva (uno dei prodotti di eccellenza della Sicilia) con perdite stimate del 30%.<br>Intere zone della Sicilia stanno pagando gi\u00e0 un prezzo pesante ed a risentirne non \u00e8 soltanto l&#8217;agricoltura. Rubinetti a secco nelle abitazioni private e non va meglio per il turismo. E come ogni estate si ripropone l&#8217;emergenza incendi con le alte temperature ed i terreni incolti che favoriscono pericolosi inneschi. Come detto, l\u2019anticiclone africano sta per irrompere sul Mediterraneo con temperature bollenti e termometro che a met\u00e0 settimana potrebbe sfiorare i 40 gradi in alcune zone dell&#8217;entroterra siciliano. Tutta colpa di Minosse, figura mitologica dell\u2019Inferno dantesco che porter\u00e0 l\u2019alito bollente del Sahara sulla Sicilia e su gran parte del Meridione.<div id=\"div-gpt-ad-Messinaoggi.it-DSK-300x250-corpoart\" style=\"text-align:center;margin:0 auto;\"><\/div><\/p>\n<div id=\"videoincontent\" style=\"clear:both\";><\/div>","protected":false},"excerpt":{"rendered":"<p>In una Sicilia gi\u00e0 assetata e su cui incombe lo spettro di Minosse si acuisce l&#8217;emergenza siccit\u00e0 con gli invasi sempre pi\u00f9 vuoti e le campagne sempre pi\u00f9 arse. Per la penuria di precipitazioni sono a rischio non solo le produzioni di grano, pesche ed ortaggi, ma anche di uva da tavola e fichi d&#8217;india. [&hellip;]<\/p>\n","protected":false},"author":4,"featured_media":22802,"comment_status":"open","ping_status":"open","sticky":false,"template":"","format":"standard","meta":{"ub_ctt_via":"","_mi_skip_tracking":false},"categories":[6],"tags":[6541,178,10078,8412],"featured_image_src":"https:\/\/www.messinaoggi.it\/website\/wp-content\/uploads\/2018\/08\/caldo-estate-1.jpg","author_info":{"display_name":"redme","author_link":"https:\/\/www.messinaoggi.it\/website\/author\/redme\/"},"digistream_id":0,"digistream":false,"_links":{"self":[{"href":"https:\/\/www.messinaoggi.it\/website\/wp-json\/wp\/v2\/posts\/201604"}],"collection":[{"href":"https:\/\/www.messinaoggi.it\/website\/wp-json\/wp\/v2\/posts"}],"about":[{"href":"https:\/\/www.messinaoggi.it\/website\/wp-json\/wp\/v2\/types\/post"}],"author":[{"embeddable":true,"href":"https:\/\/www.messinaoggi.it\/website\/wp-json\/wp\/v2\/users\/4"}],"replies":[{"embeddable":true,"href":"https:\/\/www.messinaoggi.it\/website\/wp-json\/wp\/v2\/comments?post=201604"}],"version-history":[{"count":1,"href":"https:\/\/www.messinaoggi.it\/website\/wp-json\/wp\/v2\/posts\/201604\/revisions"}],"predecessor-version":[{"id":201605,"href":"https:\/\/www.messinaoggi.it\/website\/wp-json\/wp\/v2\/posts\/201604\/revisions\/201605"}],"wp:featuredmedia":[{"embeddable":true,"href":"https:\/\/www.messinaoggi.it\/website\/wp-json\/wp\/v2\/media\/22802"}],"wp:attachment":[{"href":"https:\/\/www.messinaoggi.it\/website\/wp-json\/wp\/v2\/media?parent=201604"}],"wp:term":[{"taxonomy":"category","embeddable":true,"href":"https:\/\/www.messinaoggi.it\/website\/wp-json\/wp\/v2\/categories?post=201604"},{"taxonomy":"post_tag","embeddable":true,"href":"https:\/\/www.messinaoggi.it\/website\/wp-json\/wp\/v2\/tags?post=201604"}],"curies":[{"name":"wp","href":"https:\/\/api.w.org\/{rel}","templated":true}]}}