{"id":20158,"date":"2018-06-02T07:10:55","date_gmt":"2018-06-02T05:10:55","guid":{"rendered":"http:\/\/www.messinaoggi.it\/website\/?p=20158"},"modified":"2018-06-02T07:10:55","modified_gmt":"2018-06-02T05:10:55","slug":"eleme-trischitta-scrive-al-nuovo-governo-lunime-non-sia-piu-la-fucina-del-pd","status":"publish","type":"post","link":"https:\/\/www.messinaoggi.it\/website\/2018\/06\/02\/eleme-trischitta-scrive-al-nuovo-governo-lunime-non-sia-piu-la-fucina-del-pd\/","title":{"rendered":"EleMe, Trischitta scrive al nuovo Governo: &quot;L&#039;Unime non sia pi\u00f9 la fucina del Pd&quot;"},"content":{"rendered":"<p style=\"text-align: justify\">\u201cL\u2019Universit\u00e0 di Messina torni ad essere il luogo di didattica e ricerca scientifica e non fucina di candidati del Partito Democratico\u201d.<div id=\"div-gpt-ad-Messinaoggi.it-DSK-300x250-corpoart\" style=\"text-align:center;margin:0 auto;\"><\/div><\/p>\n<p style=\"text-align: justify\">Il candidato sindaco di Messina Giuseppe Trischitta lancia il suo appello in questa lettera aperta al nuovo Presidente del Consiglio dei Ministri, Giuseppe Conte, e al neo Ministro dell\u2019Istruzione, dell\u2019Universit\u00e0 e della Ricerca, Marco Bussetti.<div id=\"videoincontent\" style=\"clear:both\";><\/div><\/p>\n<p style=\"text-align: justify\">\u201cLa citt\u00e0 dello Stretto assiste da qualche anno ad un evidente allineamento politico del nostro storico e illustre Ateneo. Nell\u2019ottobre del 2016, con grande sorpresa \u2013 e direi anche sconcerto \u2013 si scelse la sede accademica per la firma del Patto per Messina, tra l\u2019allora Presidente del Consiglio Matteo Renzi e il sindaco Renato Accorinti. Non era chiaro perch\u00e9 ci\u00f2 non avvenisse presso la Casa Municipale, luogo naturale per l\u2019evento. Ma tutto divenne chiaro con l\u2019emblematica immagine di Renzi e Accorinti, seduti a firmare, e l\u2019allora Rettore, Pietro Navarra, in piedi alle loro spalle. Da quel momento si parl\u00f2 di una candidatura in pectore di Navarra a sindaco di Messina.<\/p>\n<p style=\"text-align: justify\">Ma ancor prima si scoprivano le carte! Alle elezioni per l\u2019Assemblea Regionale Siciliana del novembre 2017, si candid\u00f2 e venne eletto nelle fila del Pd il Direttore Generale dell\u2019Ateneo, Francesco De Domenico. Poi, lo scorso marzo fu la volta delle Politiche: scese in campo direttamente Navarra. Adesso, per le Amministrative del prossimo 10 giugno, ancora un docente, vicino all\u2019ex Rettore Navarra, come lo era De Domenico, risulta il candidato sindaco della coalizione di centrosinistra, l\u2019ex Prorettore Antonio Saitta. Il Partito Democratico era rimasto orfano di colui che veniva chiamato \u201cil signor 20mila voti\u201d, l\u2019Onorevole Francantonio Genovese, messo alla porta dallo stesso Pd, a causa delle sue vicende giudiziarie, per essere subito dopo accolto in Forza Italia. Dal canto suo, il Pd in profonda crisi, trovava nuova linfa con quello che a Messina \u00e8 ormai noto come \u201cil partito dell\u2019Universit\u00e0\u201d.<\/p>\n<p style=\"text-align: justify\">\u201cL&#8217;arte e la scienza sono libere e libero ne \u00e8 l&#8217;insegnamento\u201d, recita l\u2019Articolo 33 della Costituzione. Ma mi chiedo: che libert\u00e0 e indipendenza, secondo il dettato costituzionale, pu\u00f2 testimoniare e vivere al suo interno un Ateneo i cui vertici appaiono chiaramente schierati politicamente, diventando espressione sempre del medesimo partito? Si solleva una questione morale, sul possibile assoggettamento dell\u2019intero corpo accademico, nonch\u00e9 del personale amministrativo e persino degli studenti, che ad ogni tornata elettorale vedono candidarsi docenti di rilievo e peso verticistico all\u2019interno dell\u2019Universit\u00e0 in cui lavorano e studiano. Per non parlare del principio della condivisione dei risultati della ricerca, messi in discussione gi\u00e0 da una inevitabile quotidiana divisione di idee e partiti. Al di l\u00e0 della dilagante influenza del \u201cpartito del professore Navarra\u201d, che ha portato all\u2019elezione, al primo turno, del suo naturale successore al Rettorato, Salvatore Cuzzocrea, gi\u00e0 Prorettore nel Governo dello stesso Navarra, vi \u00e8, comunque, una minoranza non rischierata da questa parte, la stessa che evidentemente alla votazione del Rettore ha sostenuto il Professore Francesco Stagno D\u2019Alcontres, gi\u00e0 Deputato Nazionale di Forza Italia. Gi\u00e0 bastava che questa Universit\u00e0 fosse \u201cl\u2019Universit\u00e0 delle famiglie\u201d, ma adesso aggiungervi pure l\u2019inevitabile associazione del colore politico, \u00e8 inaccettabile. Chiedo, pertanto, che dal Governo Nazionale, oggi insediatosi, giunga il severo monito, affinch\u00e9 il luogo della Cultura per eccellenza della Citt\u00e0 dello Stretto, rimanga fuori anche dal semplice sospetto di diventare strumento di un potere volto ad altri fini. L\u2019Universit\u00e0 deve dialogare con il territorio e contribuire al suo sviluppo, promuovendo saperi e tecniche, e non affari politici ed elettorali\u201d.<\/p>\n","protected":false},"excerpt":{"rendered":"<p>\u201cL\u2019Universit\u00e0 di Messina torni ad essere il luogo di didattica e ricerca scientifica e non fucina di candidati del Partito Democratico\u201d. Il candidato sindaco di Messina Giuseppe Trischitta lancia il suo appello in questa lettera aperta al nuovo Presidente del Consiglio dei Ministri, Giuseppe Conte, e al neo Ministro dell\u2019Istruzione, dell\u2019Universit\u00e0 e della Ricerca, Marco [&hellip;]<\/p>\n","protected":false},"author":15,"featured_media":20021,"comment_status":"closed","ping_status":"open","sticky":false,"template":"","format":"standard","meta":{"ub_ctt_via":"","_mi_skip_tracking":false},"categories":[6],"tags":[],"featured_image_src":"https:\/\/www.messinaoggi.it\/website\/wp-content\/uploads\/2018\/05\/Trischitta-Pippo-al-Comitato-elettorale-messinaoggiMarcyR-1.jpg","author_info":{"display_name":"red.me","author_link":"https:\/\/www.messinaoggi.it\/website\/author\/red-me\/"},"digistream_id":0,"digistream":false,"_links":{"self":[{"href":"https:\/\/www.messinaoggi.it\/website\/wp-json\/wp\/v2\/posts\/20158"}],"collection":[{"href":"https:\/\/www.messinaoggi.it\/website\/wp-json\/wp\/v2\/posts"}],"about":[{"href":"https:\/\/www.messinaoggi.it\/website\/wp-json\/wp\/v2\/types\/post"}],"author":[{"embeddable":true,"href":"https:\/\/www.messinaoggi.it\/website\/wp-json\/wp\/v2\/users\/15"}],"replies":[{"embeddable":true,"href":"https:\/\/www.messinaoggi.it\/website\/wp-json\/wp\/v2\/comments?post=20158"}],"version-history":[{"count":0,"href":"https:\/\/www.messinaoggi.it\/website\/wp-json\/wp\/v2\/posts\/20158\/revisions"}],"wp:featuredmedia":[{"embeddable":true,"href":"https:\/\/www.messinaoggi.it\/website\/wp-json\/wp\/v2\/media\/20021"}],"wp:attachment":[{"href":"https:\/\/www.messinaoggi.it\/website\/wp-json\/wp\/v2\/media?parent=20158"}],"wp:term":[{"taxonomy":"category","embeddable":true,"href":"https:\/\/www.messinaoggi.it\/website\/wp-json\/wp\/v2\/categories?post=20158"},{"taxonomy":"post_tag","embeddable":true,"href":"https:\/\/www.messinaoggi.it\/website\/wp-json\/wp\/v2\/tags?post=20158"}],"curies":[{"name":"wp","href":"https:\/\/api.w.org\/{rel}","templated":true}]}}