{"id":2015,"date":"2017-06-05T12:44:38","date_gmt":"2017-06-05T10:44:38","guid":{"rendered":"http:\/\/www.messinaoggi.it\/website\/?p=2015"},"modified":"2017-06-05T12:44:38","modified_gmt":"2017-06-05T10:44:38","slug":"pallanuoto-cus-unime-ai-playoff-naccari-centriamo-il-traguardo","status":"publish","type":"post","link":"https:\/\/www.messinaoggi.it\/website\/2017\/06\/05\/pallanuoto-cus-unime-ai-playoff-naccari-centriamo-il-traguardo\/","title":{"rendered":"Pallanuoto. Cus Unime ai playoff, Naccari: &quot;Centriamo il traguardo&quot;"},"content":{"rendered":"<p style=\"text-align: justify\">Un percorso da gigante quello che ha condotto il\u00a0CUS Unime\u00a0 per il secondo anno consecutivo, gli ambiti playoff promozione per la Serie A2:\u00a044 punti conquistati in 18 giornate di campionato, frutto di ben 14 vittorie, due pareggi esterni e due sole sconfitte. Una regular season che incorona i peloritani tra le compagini pi\u00f9 prolifiche con le 182 reti messe a segno e soprattutto tra le migliori difese, la terza di tutta la serie B, con le sole 106 marcature concesse.<div id=\"div-gpt-ad-Messinaoggi.it-DSK-300x250-corpoart\" style=\"text-align:center;margin:0 auto;\"><\/div><\/p>\n<p style=\"text-align: justify\"><em>\u201cNon \u00e8 mai semplice confermarsi sui livelli della stagione precedente<\/em> &#8211; \u00a0racconta Sergio Naccari, il tecnico che ha guidato i cussini capaci di bissare l&#8217;obiettivo centrato gi\u00e0 un anno fa &#8211; <em>soprattutto se si \u00e8 fatto molto bene come abbiamo fatto noi; eppure siamo riusciti a ripeterci e di questo siamo tutti veramente molto orgogliosi. Stiamo seguendo un percorso ben preciso che ci ha permesso di raggiungere in tre stagioni un quarto posto e due finali playoff&#8221;.<\/em><div id=\"videoincontent\" style=\"clear:both\";><\/div><\/p>\n<p style=\"text-align: justify\">Per Naccari gran parte dei meriti dell&#8217;impresa vanno a societ\u00e0 e ragazzi: <em>&#8220;La societ\u00e0 sta programmando in maniera molto seria ed oculata ed i risultati gi\u00e0 sono evidenti, non solo per la prima squadra ma anche in ambito di giovanili. Un plauso, inoltre, devo farlo a tutti i giocatori locali che nel corso di questi anni hanno dimostrato grande attaccamento al CUS Unime mettendosi a completa disposizione del nostro progetto, ai quali si aggiungono campioni del calibro di Antonio Vittorioso o di Samuel Balaz che nel corso di questi anni ho avuto il piacere di allenare&#8221;.<\/em><\/p>\n<p style=\"text-align: justify\"><img loading=\"lazy\" class=\" wp-image-2018 aligncenter\" src=\"http:\/\/www.messinaoggi.it\/website\/wp-content\/uploads\/2017\/06\/13880256_10210032541748486_3602678541967886644_n-300x300.jpg\" alt=\"\" width=\"228\" height=\"228\" \/><\/p>\n<p style=\"text-align: justify\">I numeri di rilievo ottenuti in campionato danno forza e convinzione ai messinesi, concentrati ora sulla sfida da dentro o fuori con Pescara\u00a0in gara 1, in programma il 10 giugno mentre il ritorno si giocher\u00e0 a Messina mercoled\u00ec 14 giugno, alle ore 19:00, presso la Cittadella Sportiva Universitaria. Da applausi anche il campionato degli abruzzesi, determinati a dare del filo da torcere agli universitari. Il tecnico Sergio Naccari predica umilt\u00e0 e attenzione, per evitare brutte sorprese: <em>&#8220;Rispetto allo scorso anno \u00e8 cambiato tanto: in primis sono cambiate alcune pedine importanti in acqua; \u00e8 cambiato anche l\u2019avversario che, tra altro, avr\u00e0 dalla propria parte il vantaggio dell\u2019eventuale \u201cbella\u201d in casa propria. Ci troveremo di fronte una squadra veramente forte: ho visto giocare il Pescara a Napoli nello scontro diretto contro la Cesport e si tratta di un gruppo completo in ogni reparto e dotato di grandi individualit\u00e0, diretto egregiamente dal tecnico Mammarella. Noi, dal canto nostro siamo pronti: \u00e8 una di quelle partite che tutti aspettano e sognano di giocare a prescindere dalla categoria. Il vantaggio di raggiungere con qualche settimana di anticipo la qualificazione ci ha permesso di lavorare con pi\u00f9 serenit\u00e0, prepararci fisicamente e lavorare sugli errori commessi nella scorsa stagione. Sar\u00e0 fondamentale approcciare al meglio gi\u00e0 in gara 1 a Pescara, provando ad approfittare di un\u2019eventuale \u201cstress psicologico&#8221; dei padroni di casa dovuto al fattore campo. Siamo consapevoli dei nostri mezzi ed adesso siamo pronti: siamo stati bravi e fortunati a ripeterci per il secondo anno consecutivo e ora &#8211; <\/em>conclude Naccari<em> &#8211; vogliamo raggiungere il traguardo e dare questa bella soddisfazione al nostro Presidente ed a tutta la Messina che in questi anni ci ha supportato\u201d.<\/em><\/p>\n<p style=\"text-align: right\"><em>Paologiorgio Vinci<\/em><\/p>\n","protected":false},"excerpt":{"rendered":"<p>Un percorso da gigante quello che ha condotto il\u00a0CUS Unime\u00a0 per il secondo anno consecutivo, gli ambiti playoff promozione per la Serie A2:\u00a044 punti conquistati in 18 giornate di campionato, frutto di ben 14 vittorie, due pareggi esterni e due sole sconfitte. Una regular season che incorona i peloritani tra le compagini pi\u00f9 prolifiche con [&hellip;]<\/p>\n","protected":false},"author":6,"featured_media":2019,"comment_status":"closed","ping_status":"open","sticky":false,"template":"","format":"standard","meta":{"ub_ctt_via":"","_mi_skip_tracking":false},"categories":[9],"tags":[],"featured_image_src":"https:\/\/www.messinaoggi.it\/website\/wp-content\/uploads\/2017\/06\/Balaz-a-segno-su-rigore-2.jpg","author_info":{"display_name":"Redazione MessinaOggi.it","author_link":"https:\/\/www.messinaoggi.it\/website\/author\/p-vinci\/"},"digistream_id":0,"digistream":false,"_links":{"self":[{"href":"https:\/\/www.messinaoggi.it\/website\/wp-json\/wp\/v2\/posts\/2015"}],"collection":[{"href":"https:\/\/www.messinaoggi.it\/website\/wp-json\/wp\/v2\/posts"}],"about":[{"href":"https:\/\/www.messinaoggi.it\/website\/wp-json\/wp\/v2\/types\/post"}],"author":[{"embeddable":true,"href":"https:\/\/www.messinaoggi.it\/website\/wp-json\/wp\/v2\/users\/6"}],"replies":[{"embeddable":true,"href":"https:\/\/www.messinaoggi.it\/website\/wp-json\/wp\/v2\/comments?post=2015"}],"version-history":[{"count":0,"href":"https:\/\/www.messinaoggi.it\/website\/wp-json\/wp\/v2\/posts\/2015\/revisions"}],"wp:featuredmedia":[{"embeddable":true,"href":"https:\/\/www.messinaoggi.it\/website\/wp-json\/wp\/v2\/media\/2019"}],"wp:attachment":[{"href":"https:\/\/www.messinaoggi.it\/website\/wp-json\/wp\/v2\/media?parent=2015"}],"wp:term":[{"taxonomy":"category","embeddable":true,"href":"https:\/\/www.messinaoggi.it\/website\/wp-json\/wp\/v2\/categories?post=2015"},{"taxonomy":"post_tag","embeddable":true,"href":"https:\/\/www.messinaoggi.it\/website\/wp-json\/wp\/v2\/tags?post=2015"}],"curies":[{"name":"wp","href":"https:\/\/api.w.org\/{rel}","templated":true}]}}