{"id":201156,"date":"2024-06-13T10:54:53","date_gmt":"2024-06-13T08:54:53","guid":{"rendered":"http:\/\/www.messinaoggi.it\/website\/?p=201156"},"modified":"2024-06-13T10:54:55","modified_gmt":"2024-06-13T08:54:55","slug":"pums-la-visione-di-mondello-puo-non-essere-condivisa","status":"publish","type":"post","link":"https:\/\/www.messinaoggi.it\/website\/2024\/06\/13\/pums-la-visione-di-mondello-puo-non-essere-condivisa\/","title":{"rendered":"PUMS, la visione di Mondello pu\u00f2 non essere condivisa?"},"content":{"rendered":"\n<p>L&#8217;assessore alla viabilit\u00e0 Salvatore Mondello ieri in aula consiliare ha detto testualmente: &#8220;Mi assumo la responsabilit\u00e0 per il Piano urbano della mobilit\u00e0 sostenibile. E&#8217; solo una questione di visione della citt\u00e0 del futuro&#8221;.<div id=\"div-gpt-ad-Messinaoggi.it-DSK-300x250-corpoart\" style=\"text-align:center;margin:0 auto;\"><\/div><\/p>\n\n\n\n<p>In estrema sintesi \u00e8 stato questo il concetto espresso dall&#8217;unico responsabile della rivoluzione viaria della citt\u00e0, fatta di piste ciclabili (alcune per gli scalatori profesisonisti), e parcheggi di interscambio inutili (vedi Bordonaro e Palmara). Poi ci sono le immense aree pedonali e la ZTL che render\u00e0 il centro cittadino irraggiungibile se non con mezzi pubblici. <div id=\"videoincontent\" style=\"clear:both\";><\/div><\/p>\n\n\n\n<p>L&#8217;assessore Mondello \u00e8 &#8220;portatore sano&#8221; di una visione (utopistica), e come tale si scontra con la realt\u00e0. Messina non \u00e8 Oslo, per dirla con Libero Gioveni \u00e8 una citt\u00e0 a forma di banana e non di torta, e come tale non si presta ad una rivoluzione viaria sostenibile.<\/p>\n\n\n\n<p>Di sostenibile nella visione del vice sindaco c&#8217;\u00e8 poco, di insostenibile c&#8217;\u00e8 davvero tanto: come la profonda crisi del commercio cittadino. Creare delle trincee davanti ai negozi significa la &#8220;morte&#8221; di quelle poche attivit\u00e0 commerciali che hanno resistito alla crisi e al Covid. <\/p>\n\n\n\n<p>Se questa \u00e8 la visione di Mondello, non rimane altro che confidare nei consiglieri comunali che hanno in mano il cerino dell&#8217;approvazione del PUMS. Una immensa responsabilit\u00e0 che potrebbe segnare la fine del commercio cittadino.<\/p>\n\n\n\n<p>Ma perch\u00e9 Mondello \u00e8 cos\u00ec ostinato? Lo dica in maniera chiara perch\u00e9 cominciano a circolare brutti sussurri sui quali soprassediamo. Di sicuro c&#8217;\u00e8 solo che la visione sta determinando la fine del commercio al dettaglio cittadino, a vantaggio dei centri commerciali. La gente non \u00e8 pi\u00f9 messa nelle condizioni di arrivare in centro per fare gli acquisti e la logica \u00e8 quella che il flusso degli acquirenti, giocoforza, verr\u00e0 fatto confluire ai centri commerciali. <\/p>\n\n\n\n<p>Politicamente \u00e8 una scelta azzardata che far\u00e0 pagare dazio all&#8217;amministrazione Basile, quando si ripresenter\u00e0 per avere rinnovata la fiducia. L&#8217;effetto-Mondello avr\u00e0 quindi il suo peso specifico nella prossima competizione elettorale.<\/p>\n","protected":false},"excerpt":{"rendered":"<p>L&#8217;assessore alla viabilit\u00e0 Salvatore Mondello ieri in aula consiliare ha detto testualmente: &#8220;Mi assumo la responsabilit\u00e0 per il Piano urbano della mobilit\u00e0 sostenibile. E&#8217; solo una questione di visione della citt\u00e0 del futuro&#8221;. In estrema sintesi \u00e8 stato questo il concetto espresso dall&#8217;unico responsabile della rivoluzione viaria della citt\u00e0, fatta di piste ciclabili (alcune per [&hellip;]<\/p>\n","protected":false},"author":2,"featured_media":21852,"comment_status":"open","ping_status":"open","sticky":false,"template":"","format":"standard","meta":{"ub_ctt_via":"","_mi_skip_tracking":false},"categories":[6],"tags":[9476,1139,10063,2406],"featured_image_src":"https:\/\/www.messinaoggi.it\/website\/wp-content\/uploads\/2018\/07\/mondello-1.jpg","author_info":{"display_name":"Redazione","author_link":"https:\/\/www.messinaoggi.it\/website\/author\/redazione\/"},"digistream_id":0,"digistream":false,"_links":{"self":[{"href":"https:\/\/www.messinaoggi.it\/website\/wp-json\/wp\/v2\/posts\/201156"}],"collection":[{"href":"https:\/\/www.messinaoggi.it\/website\/wp-json\/wp\/v2\/posts"}],"about":[{"href":"https:\/\/www.messinaoggi.it\/website\/wp-json\/wp\/v2\/types\/post"}],"author":[{"embeddable":true,"href":"https:\/\/www.messinaoggi.it\/website\/wp-json\/wp\/v2\/users\/2"}],"replies":[{"embeddable":true,"href":"https:\/\/www.messinaoggi.it\/website\/wp-json\/wp\/v2\/comments?post=201156"}],"version-history":[{"count":1,"href":"https:\/\/www.messinaoggi.it\/website\/wp-json\/wp\/v2\/posts\/201156\/revisions"}],"predecessor-version":[{"id":201158,"href":"https:\/\/www.messinaoggi.it\/website\/wp-json\/wp\/v2\/posts\/201156\/revisions\/201158"}],"wp:featuredmedia":[{"embeddable":true,"href":"https:\/\/www.messinaoggi.it\/website\/wp-json\/wp\/v2\/media\/21852"}],"wp:attachment":[{"href":"https:\/\/www.messinaoggi.it\/website\/wp-json\/wp\/v2\/media?parent=201156"}],"wp:term":[{"taxonomy":"category","embeddable":true,"href":"https:\/\/www.messinaoggi.it\/website\/wp-json\/wp\/v2\/categories?post=201156"},{"taxonomy":"post_tag","embeddable":true,"href":"https:\/\/www.messinaoggi.it\/website\/wp-json\/wp\/v2\/tags?post=201156"}],"curies":[{"name":"wp","href":"https:\/\/api.w.org\/{rel}","templated":true}]}}