{"id":200922,"date":"2024-06-11T13:07:39","date_gmt":"2024-06-11T11:07:39","guid":{"rendered":"http:\/\/www.messinaoggi.it\/website\/?p=200922"},"modified":"2024-06-11T13:07:40","modified_gmt":"2024-06-11T11:07:40","slug":"policlinico-assemblea-della-uil-fpl-criticita-pronti-ad-azioni","status":"publish","type":"post","link":"https:\/\/www.messinaoggi.it\/website\/2024\/06\/11\/policlinico-assemblea-della-uil-fpl-criticita-pronti-ad-azioni\/","title":{"rendered":"Policlinico, assemblea della Uil-Fpl: &#8220;Criticit\u00e0, pronti ad azioni&#8221;"},"content":{"rendered":"\n<p>Oggi si \u00e8 tenuta una partecipata assemblea dei dipendenti del policlinico universitario di Messina organizzata dalla Uil-Fpl. Presenti il segretario aziendale<strong> Giuseppe Costa<\/strong> ed i componenti Rsu <strong>Concetto Girasella<\/strong> ed <strong>Emanuele Chiara<\/strong>. Il segretario generale Livio Andronico ha dichiarato: &#8220;Abbiamo riscontrato una complessit\u00e0 di problemi causati da una mancanza di organizzazione e di progettualit\u00e0. Per fare qualche esempio : Carenza personale infermietistico, OSS, tecnici sanitari. Malattie infettive, TIN, TIP, Pronto soccorso pediatrico,ricoveri oltre i posti letto previsti. Sala operatoria turni di pronta disponibilit\u00e0 oltre la normativa prevista. Pronto soccorso ostetrico gestito dal personale infermietistico nonostante la normativa preveda l&#8217;utilizzo di personale ostetrico. Il personale infermietistico costantemente demansionanato a causa della carenza di personale OSS. La UIL FPL non ha problemi con l&#8217;attuale struttura commissariale ma non facciamo sconti a nessuno. Quando parliamo di sanit\u00e0 ne va della salute delle persone e degli operatori della sanit\u00e0 pubblica. La UIL fpl chiede rispetto dei lavoratori perch\u00e9 l efficienza non si pu\u00f2 raggiungere sulla pelle dei dipendenti. Manca il benessere lavorativo. Ed infine Signor Assessore le aziende sanitarie erogano salute e non possono essere considerate fabbriche di carbone.Le chiediamo di agire in fretta. I lavoratori intervenuti viste le gravi problematiche persistenti e viste anche le gravi reiterate note fatte dalla Segreteria sindacale hanno votato all unanimit\u00e0 lo stato di agitazione e il tentativo di conciliazione in attuazione della legge 146\/90. La UIL fpl rimane in attesa di urgenti provvedimenti. La dove le nostre richieste rimanessero inevase la Uil Fpl intraprender\u00e0 tutte le azioni legali di denuncia pubblica che riterr\u00e0 opportune a tutela dei lavoratori e della sanit\u00e0 pubblica non escludendo anche azioni eclatanti&#8221;.<div id=\"div-gpt-ad-Messinaoggi.it-DSK-300x250-corpoart\" style=\"text-align:center;margin:0 auto;\"><\/div><\/p>\n\n\n\n<p>Ha concluso il segretario della Uil-Fpl, Livio Andronico.<div id=\"videoincontent\" style=\"clear:both\";><\/div><\/p>\n","protected":false},"excerpt":{"rendered":"<p>Oggi si \u00e8 tenuta una partecipata assemblea dei dipendenti del policlinico universitario di Messina organizzata dalla Uil-Fpl. Presenti il segretario aziendale Giuseppe Costa ed i componenti Rsu Concetto Girasella ed Emanuele Chiara. Il segretario generale Livio Andronico ha dichiarato: &#8220;Abbiamo riscontrato una complessit\u00e0 di problemi causati da una mancanza di organizzazione e di progettualit\u00e0. Per [&hellip;]<\/p>\n","protected":false},"author":2,"featured_media":200923,"comment_status":"open","ping_status":"open","sticky":false,"template":"","format":"standard","meta":{"ub_ctt_via":"","_mi_skip_tracking":false},"categories":[6],"tags":[2462,1932,115],"featured_image_src":"https:\/\/www.messinaoggi.it\/website\/wp-content\/uploads\/2024\/06\/0-6.jpg","author_info":{"display_name":"Redazione","author_link":"https:\/\/www.messinaoggi.it\/website\/author\/redazione\/"},"digistream_id":0,"digistream":false,"_links":{"self":[{"href":"https:\/\/www.messinaoggi.it\/website\/wp-json\/wp\/v2\/posts\/200922"}],"collection":[{"href":"https:\/\/www.messinaoggi.it\/website\/wp-json\/wp\/v2\/posts"}],"about":[{"href":"https:\/\/www.messinaoggi.it\/website\/wp-json\/wp\/v2\/types\/post"}],"author":[{"embeddable":true,"href":"https:\/\/www.messinaoggi.it\/website\/wp-json\/wp\/v2\/users\/2"}],"replies":[{"embeddable":true,"href":"https:\/\/www.messinaoggi.it\/website\/wp-json\/wp\/v2\/comments?post=200922"}],"version-history":[{"count":1,"href":"https:\/\/www.messinaoggi.it\/website\/wp-json\/wp\/v2\/posts\/200922\/revisions"}],"predecessor-version":[{"id":200924,"href":"https:\/\/www.messinaoggi.it\/website\/wp-json\/wp\/v2\/posts\/200922\/revisions\/200924"}],"wp:featuredmedia":[{"embeddable":true,"href":"https:\/\/www.messinaoggi.it\/website\/wp-json\/wp\/v2\/media\/200923"}],"wp:attachment":[{"href":"https:\/\/www.messinaoggi.it\/website\/wp-json\/wp\/v2\/media?parent=200922"}],"wp:term":[{"taxonomy":"category","embeddable":true,"href":"https:\/\/www.messinaoggi.it\/website\/wp-json\/wp\/v2\/categories?post=200922"},{"taxonomy":"post_tag","embeddable":true,"href":"https:\/\/www.messinaoggi.it\/website\/wp-json\/wp\/v2\/tags?post=200922"}],"curies":[{"name":"wp","href":"https:\/\/api.w.org\/{rel}","templated":true}]}}