{"id":20084,"date":"2018-05-31T18:07:04","date_gmt":"2018-05-31T16:07:04","guid":{"rendered":"http:\/\/www.messinaoggi.it\/website\/?p=20084"},"modified":"2018-05-31T18:07:04","modified_gmt":"2018-05-31T16:07:04","slug":"siglata-lintesa-tra-rfi-e-comune-per-fare-della-stazione-centrale-un-hub-intermodale","status":"publish","type":"post","link":"https:\/\/www.messinaoggi.it\/website\/2018\/05\/31\/siglata-lintesa-tra-rfi-e-comune-per-fare-della-stazione-centrale-un-hub-intermodale\/","title":{"rendered":"Siglata l&#039;intesa tra RFI e Comune per fare della Stazione Centrale un hub intermodale"},"content":{"rendered":"<p style=\"text-align: justify\"><em>\u201cRendere la stazione di Messina Centrale un hub nevralgico dell\u2019intermodalit\u00e0 di area vasta e potenziare la connettivit\u00e0 con la citt\u00e0, in coerenza con gli indirizzi del Piano Urbano della Mobilit\u00e0 Sostenibile, attualmente in fase di redazione\u201d,<\/em> sono gli obiettivi del protocollo d\u2019intesa siglato oggi, a Palazzo Zanca, dal sindaco, Renato Accorinti, dal vice sindaco e assessore alla Mobilit\u00e0, Gaetano Cacciola, e dal direttore Stazioni di Rete Ferroviaria Italiana, Sara Venturoni.<div id=\"div-gpt-ad-Messinaoggi.it-DSK-300x250-corpoart\" style=\"text-align:center;margin:0 auto;\"><\/div><\/p>\n<p style=\"text-align: justify\">L\u2019accordo prevede lo sviluppo di un progetto condiviso che definisca gli interventi di upgrading infrastrutturale e tecnologico, per l\u2019incremento dell\u2019offerta intermodale della stazione di Messina Centrale, una delle pi\u00f9\u00a0importanti della Sicilia, che collega la citt\u00e0 con i principali assi ferroviari dell\u2019Isola. L\u2019intesa, della durata di tre anni, ambisce a far esprimere al meglio il potenziale di nodo trasportistico e polo di servizi della stazione di Messina Centrale, partendo dalle connessioni che gi\u00e0 oggi offre tra i servizi ferroviari e quelli di traghettamento veloce nella stazione di Messina Marittima, oltre che l\u2019accessibilit\u00e0 dei sistemi di trasporto pubblico e privato.<div id=\"videoincontent\" style=\"clear:both\";><\/div><\/p>\n<p style=\"text-align: justify\">Il protocollo mira a rafforzare lo scambio modale, attraverso un nuovo terminal per il trasporto su gomma, parcheggi dedicati e nuovi percorsi ciclopedonali. Contestualmente alla firma dell\u2019accordo \u00e8 stato istituito un tavolo tecnico congiunto, che avr\u00e0 il compito di monitorare le fasi di avanzamento del progetto. La convenzione rientra nel pi\u00f9 ampio orizzonte delineato dal Piano industriale 2017-2026 di FS Italiane, che vede tra i suoi pilastri la centralit\u00e0 delle stazioni ferroviarie come hub urbani della mobilit\u00e0 integrata e sostenibile.<\/p>\n","protected":false},"excerpt":{"rendered":"<p>\u201cRendere la stazione di Messina Centrale un hub nevralgico dell\u2019intermodalit\u00e0 di area vasta e potenziare la connettivit\u00e0 con la citt\u00e0, in coerenza con gli indirizzi del Piano Urbano della Mobilit\u00e0 Sostenibile, attualmente in fase di redazione\u201d, sono gli obiettivi del protocollo d\u2019intesa siglato oggi, a Palazzo Zanca, dal sindaco, Renato Accorinti, dal vice sindaco e [&hellip;]<\/p>\n","protected":false},"author":6,"featured_media":1017,"comment_status":"closed","ping_status":"open","sticky":false,"template":"","format":"standard","meta":{"ub_ctt_via":"","_mi_skip_tracking":false},"categories":[5],"tags":[],"featured_image_src":"https:\/\/www.messinaoggi.it\/website\/wp-content\/uploads\/2017\/05\/treno-stazione-centrale-messina-1-2.jpg","author_info":{"display_name":"Redazione MessinaOggi.it","author_link":"https:\/\/www.messinaoggi.it\/website\/author\/p-vinci\/"},"digistream_id":0,"digistream":false,"_links":{"self":[{"href":"https:\/\/www.messinaoggi.it\/website\/wp-json\/wp\/v2\/posts\/20084"}],"collection":[{"href":"https:\/\/www.messinaoggi.it\/website\/wp-json\/wp\/v2\/posts"}],"about":[{"href":"https:\/\/www.messinaoggi.it\/website\/wp-json\/wp\/v2\/types\/post"}],"author":[{"embeddable":true,"href":"https:\/\/www.messinaoggi.it\/website\/wp-json\/wp\/v2\/users\/6"}],"replies":[{"embeddable":true,"href":"https:\/\/www.messinaoggi.it\/website\/wp-json\/wp\/v2\/comments?post=20084"}],"version-history":[{"count":0,"href":"https:\/\/www.messinaoggi.it\/website\/wp-json\/wp\/v2\/posts\/20084\/revisions"}],"wp:featuredmedia":[{"embeddable":true,"href":"https:\/\/www.messinaoggi.it\/website\/wp-json\/wp\/v2\/media\/1017"}],"wp:attachment":[{"href":"https:\/\/www.messinaoggi.it\/website\/wp-json\/wp\/v2\/media?parent=20084"}],"wp:term":[{"taxonomy":"category","embeddable":true,"href":"https:\/\/www.messinaoggi.it\/website\/wp-json\/wp\/v2\/categories?post=20084"},{"taxonomy":"post_tag","embeddable":true,"href":"https:\/\/www.messinaoggi.it\/website\/wp-json\/wp\/v2\/tags?post=20084"}],"curies":[{"name":"wp","href":"https:\/\/api.w.org\/{rel}","templated":true}]}}