{"id":200829,"date":"2024-06-10T16:08:09","date_gmt":"2024-06-10T14:08:09","guid":{"rendered":"https:\/\/www.messinaoggi.it\/website\/2024\/06\/10\/schlein-presto-sentiro-conte-il-tempo-dei-veti-e-finito\/"},"modified":"2024-06-10T19:47:28","modified_gmt":"2024-06-10T17:47:28","slug":"schlein-presto-sentiro-conte-il-tempo-dei-veti-e-finito","status":"publish","type":"post","link":"https:\/\/www.messinaoggi.it\/website\/2024\/06\/10\/schlein-presto-sentiro-conte-il-tempo-dei-veti-e-finito\/","title":{"rendered":"Schlein \u201cPresto sentir\u00f2 Conte, il tempo dei veti \u00e8 finito\u201d"},"content":{"rendered":"<div>ROMA (ITALPRESS) &#8220;Ringrazio quel 25% di giovani fuori sede che ha scelto di darci fiducia: siamo il primo partito al Sud, segno che il governo sull&#8217;autonomia differenziata si deve fermare perch\u00e8 spacca in due il Paese. Il dato sull&#8217;astensionismo deve far riflettere tutte le istituzioni: le persone vanno convinte che il loro voto pu\u00f2 fare la differenza&#8221;. Cos\u00ec in conferenza stampa la segretaria del Pd Elly Schlein.<br \/>&#8220;Non ho ancora sentito Conte, ma lo far\u00f2 presto &#8211; ha sottolineato Schlein -: sanit\u00e0, scuola, lavoro e diritti sono tutti temi su cui possiamo creare convergenza con le opposizioni. Il tempo dei veti \u00e8 finito: da parte nostra non ci sono mai stati, ma non intendiamo subirne. Lavoreremo per un referendum contro la riforma del premierato, perch\u00e8 andrebbe a scardinare l&#8217;equilibrio tra i poteri costituzionali: non voglio solo riunire le opposizioni, ma trovare un&#8217;alternativa seria per questo paese&#8221;.<div id=\"div-gpt-ad-Messinaoggi.it-DSK-300x250-corpoart\" style=\"text-align:center;margin:0 auto;\"><\/div><\/p>\n<p>&#8211; Foto Agenzia Fotogramma &#8211;<div id=\"videoincontent\" style=\"clear:both\";><\/div><\/p>\n<p>(ITALPRESS).<\/p><\/div>\n","protected":false},"excerpt":{"rendered":"<p>ROMA (ITALPRESS) &#8220;Ringrazio quel 25% di giovani fuori sede che ha scelto di darci fiducia: siamo il primo partito al Sud, segno che il governo sull&#8217;autonomia differenziata si deve fermare perch\u00e8 spacca in due il Paese. Il dato sull&#8217;astensionismo deve far riflettere tutte le istituzioni: le persone vanno convinte che il loro voto pu\u00f2 fare [&hellip;]<\/p>\n","protected":false},"author":18,"featured_media":0,"comment_status":"closed","ping_status":"closed","sticky":false,"template":"","format":"standard","meta":{"ub_ctt_via":"","_mi_skip_tracking":false},"categories":[446,4],"tags":[783],"featured_image_src":null,"author_info":{"display_name":"Admin","author_link":"https:\/\/www.messinaoggi.it\/website\/author\/admin\/"},"digistream_id":0,"digistream":false,"_links":{"self":[{"href":"https:\/\/www.messinaoggi.it\/website\/wp-json\/wp\/v2\/posts\/200829"}],"collection":[{"href":"https:\/\/www.messinaoggi.it\/website\/wp-json\/wp\/v2\/posts"}],"about":[{"href":"https:\/\/www.messinaoggi.it\/website\/wp-json\/wp\/v2\/types\/post"}],"author":[{"embeddable":true,"href":"https:\/\/www.messinaoggi.it\/website\/wp-json\/wp\/v2\/users\/18"}],"replies":[{"embeddable":true,"href":"https:\/\/www.messinaoggi.it\/website\/wp-json\/wp\/v2\/comments?post=200829"}],"version-history":[{"count":1,"href":"https:\/\/www.messinaoggi.it\/website\/wp-json\/wp\/v2\/posts\/200829\/revisions"}],"predecessor-version":[{"id":200851,"href":"https:\/\/www.messinaoggi.it\/website\/wp-json\/wp\/v2\/posts\/200829\/revisions\/200851"}],"wp:attachment":[{"href":"https:\/\/www.messinaoggi.it\/website\/wp-json\/wp\/v2\/media?parent=200829"}],"wp:term":[{"taxonomy":"category","embeddable":true,"href":"https:\/\/www.messinaoggi.it\/website\/wp-json\/wp\/v2\/categories?post=200829"},{"taxonomy":"post_tag","embeddable":true,"href":"https:\/\/www.messinaoggi.it\/website\/wp-json\/wp\/v2\/tags?post=200829"}],"curies":[{"name":"wp","href":"https:\/\/api.w.org\/{rel}","templated":true}]}}