{"id":200625,"date":"2024-06-07T19:08:02","date_gmt":"2024-06-07T17:08:02","guid":{"rendered":"https:\/\/www.messinaoggi.it\/website\/2024\/06\/07\/de-luca-liberta-unica-lista-non-compromessa-con-il-sistema\/"},"modified":"2024-06-07T19:08:02","modified_gmt":"2024-06-07T17:08:02","slug":"de-luca-liberta-unica-lista-non-compromessa-con-il-sistema","status":"publish","type":"post","link":"https:\/\/www.messinaoggi.it\/website\/2024\/06\/07\/de-luca-liberta-unica-lista-non-compromessa-con-il-sistema\/","title":{"rendered":"De Luca \u201cLibert\u00e0 unica lista non compromessa con il sistema\u201d"},"content":{"rendered":"<div>ROMA (ITALPRESS) &#8211; &#8220;Il progetto Libert\u00e0 \u00e8 l&#8217;unica lista non compromessa con questo sistema marcio e malato che sta facendo affondare l&#8217;Italia e che ha contribuito a rendere sempre pi\u00f9 liberticida l&#8217;Europa. Abbiamo dimostrato che con la buona amministrazione si conquista il consenso&#8221;. E&#8217; l&#8217;ultimo appello al voto del leader di Sud chiama Nord, Cateno De Luca, capolista di Libert\u00e0 in tutte le circoscrizioni alle Europee di domani e domenica, intervistato da Claudio Brachino per la rubrica dell&#8217;agenzia Italpress &#8220;Primo Piano &#8211; Elezioni europee 2024&#8221;.<br \/>Una campagna elettorale complicata per qualche giorno da una polmonite, ma che non ha fermato Cateno De Luca, che lamenta una scarsa attenzione alla sua lista da parte dei media: &#8220;Il sistema vuole scegliersi anche gli avversari, tanto \u00e8 vero che la lista di Santoro, anche lo stesso Bandecchi, hanno avuto pi\u00f9 spazio di noi in prima serata, e c&#8217;\u00e8 un motivo: noi non abbiamo fatto una lista per le europee, noi partiamo da una storia, e da quello che \u00e8 un gradimento che due anni fa, solo in Sicilia, si \u00e8 espresso con 510 mila preferenza con la mia candidatura alla presidenza della Regione &#8211; ha detto De Luca -. E&#8217; ovvio che noi rappresentiamo un pericolo, perch\u00e8 gi\u00e0 ci definiscono l&#8217;autentico anti-sistema, ma quell&#8217;antisistema credibile, che ha la capacit\u00e0 di entrare nei palazzi e modificare il sistema, che \u00e8 la nostra storia, la verit\u00e0 \u00e8 che facciamo paura&#8221;.<br \/>Cateno De Luca ha ricordato che &#8220;dopo che qualche sondaggio, era l&#8217;8 aprile, ci ha dato addirittura al 3,7%, da quel momento siamo stati oscurati, soprattutto dal servizio pubblico&#8221;. Per l&#8217;ex sindaco di Messina &#8220;tutti i partiti italiani sono in grande imbarazzo a parlare di Europa perch\u00e8 sono stati artefici di questa Europa liberticida, \u00e8 meglio parlare di polemiche paesane e non di Europa, perch\u00e8 c&#8217;\u00e8 grande imbarazzo. Tanto \u00e8 vero che alcuni di loro alla vigilia delle elezioni si mostrano euroscettici per recuperare qualche voto&#8221;. Per il leader di Sud chiama Nord l&#8217;Europa &#8220;deve essere un contesto nel quale si valorizzano le identit\u00e0 e i popoli e non dove si fanno delle scelte che vanno bene per alcuni e ammazzano gli altri. Noi abbiamo contestato le quote per le produzioni agricole, per la pesca, zootecniche perch\u00e8 danno un risultato incredibile: noi non produciamo per\u00f2 abbiamo bisogno dei prodotto cos\u00ec nei nostri mercati entrano quelli dei cosiddetti paesi terzi che anche da un punto di vista di qualit\u00e0 sono talvolta nocivi. Siamo alla deriva dell&#8217;Europa quella che non \u00e8 stata immaginata, \u00e8 un&#8217;Europa contro gli stati, un sistema che serve ad alimentare alcune lobby o ammazzare le tradizioni dei nostri stati con percorsi che da un punto di vista logico non hanno senso: pago per non produrre ma nello stesso tempo finanzio l&#8217;agricoltura intensiva nei paesi terzi e faccio entrare i prodotti nei nostri mercati, probabilmente sono sistemi che lucrano alla nostre spalle&#8221;.<br \/>Un&#8217;Europa che, ne \u00e8 convinto Cateno De Luca, ha bisogno di avere una voce unica e comune, in tempi di crisi internazionali: &#8220;Come si fa a raggiungere la pace con un soggetto come l&#8217;Europa che non \u00e8 credibile e non \u00e8 riuscito a mettere un sistema diplomatico comune? Fino a quando Putin ha i cavalli di Troia all&#8217;interno dei singoli Stati \u00e8 ovvio che un&#8217;operazione credibile per fermare questo stillicidio non si far\u00e0 mai, ci sono alcuni stati che dipendono dalla Russia, per questo non si riesce a fare fronte comune&#8221;.<div id=\"div-gpt-ad-Messinaoggi.it-DSK-300x250-corpoart\" style=\"text-align:center;margin:0 auto;\"><\/div><\/p>\n<p>&#8211; Foto Italpress &#8211;<div id=\"videoincontent\" style=\"clear:both\";><\/div><\/p>\n<p>(ITALPRESS).<\/p><\/div>\n","protected":false},"excerpt":{"rendered":"<p>ROMA (ITALPRESS) &#8211; &#8220;Il progetto Libert\u00e0 \u00e8 l&#8217;unica lista non compromessa con questo sistema marcio e malato che sta facendo affondare l&#8217;Italia e che ha contribuito a rendere sempre pi\u00f9 liberticida l&#8217;Europa. Abbiamo dimostrato che con la buona amministrazione si conquista il consenso&#8221;. E&#8217; l&#8217;ultimo appello al voto del leader di Sud chiama Nord, Cateno [&hellip;]<\/p>\n","protected":false},"author":18,"featured_media":200626,"comment_status":"closed","ping_status":"closed","sticky":false,"template":"","format":"standard","meta":{"ub_ctt_via":"","_mi_skip_tracking":false},"categories":[446],"tags":[783],"featured_image_src":"https:\/\/www.messinaoggi.it\/website\/wp-content\/uploads\/2024\/06\/20240607_1092.jpg","author_info":{"display_name":"Admin","author_link":"https:\/\/www.messinaoggi.it\/website\/author\/admin\/"},"digistream_id":0,"digistream":false,"_links":{"self":[{"href":"https:\/\/www.messinaoggi.it\/website\/wp-json\/wp\/v2\/posts\/200625"}],"collection":[{"href":"https:\/\/www.messinaoggi.it\/website\/wp-json\/wp\/v2\/posts"}],"about":[{"href":"https:\/\/www.messinaoggi.it\/website\/wp-json\/wp\/v2\/types\/post"}],"author":[{"embeddable":true,"href":"https:\/\/www.messinaoggi.it\/website\/wp-json\/wp\/v2\/users\/18"}],"replies":[{"embeddable":true,"href":"https:\/\/www.messinaoggi.it\/website\/wp-json\/wp\/v2\/comments?post=200625"}],"version-history":[{"count":0,"href":"https:\/\/www.messinaoggi.it\/website\/wp-json\/wp\/v2\/posts\/200625\/revisions"}],"wp:featuredmedia":[{"embeddable":true,"href":"https:\/\/www.messinaoggi.it\/website\/wp-json\/wp\/v2\/media\/200626"}],"wp:attachment":[{"href":"https:\/\/www.messinaoggi.it\/website\/wp-json\/wp\/v2\/media?parent=200625"}],"wp:term":[{"taxonomy":"category","embeddable":true,"href":"https:\/\/www.messinaoggi.it\/website\/wp-json\/wp\/v2\/categories?post=200625"},{"taxonomy":"post_tag","embeddable":true,"href":"https:\/\/www.messinaoggi.it\/website\/wp-json\/wp\/v2\/tags?post=200625"}],"curies":[{"name":"wp","href":"https:\/\/api.w.org\/{rel}","templated":true}]}}