{"id":200619,"date":"2024-06-07T17:08:03","date_gmt":"2024-06-07T15:08:03","guid":{"rendered":"https:\/\/www.messinaoggi.it\/website\/2024\/06\/07\/pedulla-nostra-idea-di-ue-e-inclusiva-puntiamo-su-pace-e-transizione\/"},"modified":"2024-06-07T17:08:03","modified_gmt":"2024-06-07T15:08:03","slug":"pedulla-nostra-idea-di-ue-e-inclusiva-puntiamo-su-pace-e-transizione","status":"publish","type":"post","link":"https:\/\/www.messinaoggi.it\/website\/2024\/06\/07\/pedulla-nostra-idea-di-ue-e-inclusiva-puntiamo-su-pace-e-transizione\/","title":{"rendered":"Pedull\u00e0 \u201cNostra idea di Ue \u00e8 inclusiva, puntiamo su pace e transizione\u201d"},"content":{"rendered":"<div>ROMA (ITALPRESS) &#8211; &#8220;La nostra idea di Europa \u00e8 inclusiva, di un&#8217;Europa che prenda posizioni forti su temi dirimenti come la guerra che \u00e8 proprio alle porte dell&#8217;Unione e che metta all&#8217;angolo tutti gli &#8216;ism\u00ec che ci stanno assediando. Un&#8217;idea di Europa che punta su uno sviluppo reale e concreto che passa dalla transizione energetica&#8221;. Lo ha detto Gaetano Pedull\u00e0, candidato col Movimento 5 Stelle nella circoscrizione Nord Ovest, intervistato da Claudio Brachino per la rubrica &#8220;Primo Piano &#8211; Elezioni Europee&#8221; dell&#8217;agenzia Italpress. &#8220;Si creer\u00e0 molta occupazione negli anni prossimi in tutti i settori che sposano la tecnologia, pensiamo anche all&#8217;impatto che avr\u00e0 l&#8217;intelligenza artificiale sul mondo del lavoro&#8221;, mentre si ridurranno &#8220;nell&#8217;industria tradizionale che si basa sul modello di produzione che ha ancora l&#8217;energia fossile&#8221; come elemento principale. &#8220;Proponiamo in Europa un fondo all&#8217;interno delle politiche del Green Deal che vanno rilanciate&#8221; perch\u00e8 &#8220;tutto quello che si spende in efficientamento energetico chiaramente crea lavoro: se con i soldi europei aiutiamo le famiglie a fare queste cose, abbiamo aiutato l&#8217;ambiente, le famiglie e il lavoro&#8221;.<br \/>\nSul reddito di cittadinanza europeo &#8220;non abbiamo molto da fare, perch\u00e8 c&#8217;\u00e8 gi\u00e0 in tutta Europa, \u00e8 un tema che \u00e8 largamente acquisito. Noi cerchiamo di mettere a sistema e di ripristinare in Italia un aiuto alle famiglie che sono in difficolt\u00e0. Da quando c&#8217;\u00e8 il governo Meloni, 1,2 milioni di persone sono ritornate sotto la soglia di povert\u00e0 assoluta: se la politica non si occupa di queste persone, non risponde a una delle sue mansioni principali. Il tema del sostegno alle persone \u00e8 centrale: abbiamo anche l&#8217;idea di un grande piano di urbanistica popolare, oggi con i redditi che ci sono&#8221; \u00e8 difficile comprare una casa: &#8220;dobbiamo creare un meccanismo perch\u00e8 l&#8217;Europa intervenga. Dove si trovano i soldi? Per le armi, ad esempio, li hanno trovati&#8221; cos\u00ec come &#8220;su tante altre cose che magari sono meno prioritarie. Abbiamo rinunciato a prendere i soldi dove ci sono, penso alla tassazione sugli extra profitti, non solo in Italia&#8221;.<br \/>\nSulla politica monetaria, poi, &#8220;rispettiamo l&#8217;autonomia della Banca Centrale Europea, ma questa BCE ha sbagliato tutto: pensiamo che l&#8217;Europa debba governare i processi attraverso le cose che pu\u00f2 fare&#8221; ovvero &#8220;completare il mercato e soprattutto armonizzare l&#8217;Unione dal punto di vista fiscale. Abbiamo una situazione per cui alcuni Paesi che hanno una tassazione diversa rispetto all&#8217;Italia possono farci una concorrenza sleale, non \u00e8 giusto&#8221;.<br \/>\nSul conflitto in Ucraina, ribadisce, &#8220;la pace \u00e8 un tema serio, lo abbiamo messo nel simbolo perch\u00e8 la cosa a cui puntiamo di pi\u00f9. Come Italia non dobbiamo dare pi\u00f9 armi e vincolare le armi che la Nato sta consegnando a Zelensky alla trattativa: se vuole le armi, deve sedersi a un tavolo, diversamente si assume la responsabilit\u00e0 di non averle&#8221;. E Putin come si convince? &#8220;Gli si dice semplicemente questo: se ti siedi al tavolo delle trattative potrai rinegoziare le sanzioni, che tra l&#8217;altro fanno pi\u00f9 male a noi che a lui, e creiamo un percorso per rimetterti nella comunit\u00e0 internazionale: avrebbe grossi problemi a dire di no a prescindere, anche rispetto alla sua opinione pubblica interna. E&#8217; chiaro che facendo sedere i due protagonisti allo stesso tavolo non arriva la pace il giorno dopo, per\u00f2 inizieremo a parlare di ricostruzione, anzich\u00e8 di truppe sul terreno. La pace \u00e8 un percorso che si costruisce, da qualche parte bisogna iniziare: questo \u00e8 un modo serio per mettere allo stesso tavolo i protagonisti della guerra&#8221;. Su questo tema, il voto al Movimento 5 Stelle per Pedull\u00e0 si configura come l&#8217;unico utile.<br \/>\n&#8220;Faccio i migliori auguri alla lista di Santoro, ma credo che sia distante da riuscire a portare parlamentari italiani nel prossimo Parlamento Europeo, quindi rischiamo che il voto in quella direzione sia inutile&#8221;, come il voto ad AVS che &#8220;sortir\u00e0 lo stesso effetto&#8221; mentre &#8220;il PD ha una voce un p\u00f2 ambigua sul tema. L&#8217;unica voce che \u00e8 coerente sul tema della pace \u00e8 quella del Movimento 5 Stelle&#8221;.<br \/>\nDurante la campagna elettorale &#8220;non ho mai trovato una persona che mi chiedesse quando si fa il premierato o quando parte l&#8217;autonomia regionale differenziata: le grandi questioni di chi oggi \u00e8 al governo sono completamente all&#8217;esterno del perimetro delle cose che interessano&#8221; ai cittadini, come ad esempio l&#8217;occupazione o la sanit\u00e0. &#8220;Dobbiamo creare occupazione stabile e di qualit\u00e0&#8221;, spiega Pedull\u00e0. Sulla sanit\u00e0, &#8220;l&#8217;Italia \u00e8 piena di grandi riforme annunciate a costo zero e la storia ci insegna che, quando una riforma a costo zero, \u00e8 fuffa: se si crede veramente alle riforme, ci si mettono i soldi&#8221;.<br \/>\nSu questo tema e su molti altri, &#8220;i cittadini si stanno rendendo conto che alcune cose vanno cambiate&#8221; e l&#8217;auspicio di Pedull\u00e0 \u00e8 che vadano a votare. &#8220;Abbiamo avuto poco tempo per cambiare la narrativa&#8221; secondo cui &#8220;a destra e a sinistra rubano, quindi \u00e8 tutto uguale&#8221;, ma ci si &#8220;dimentica di dire che il Movimento 5 Stelle \u00e8 fuori da qualunque tipo di inchiesta o coinvolgimento&#8221; come quello che si \u00e8 visto nello scandalo della Regione Liguria. Toti si deve dimettere? &#8220;Immediatamente, quando lo far\u00e0 &#8211; perch\u00e8 lo far\u00e0 &#8211; sar\u00e0 sempre troppo tardi: quando un presidente di Regione va sullo yacht di un imprenditore certifica che la politica sottost\u00e0 al mondo degli affari e non deve essere cos\u00ec&#8221;.<div id=\"div-gpt-ad-Messinaoggi.it-DSK-300x250-corpoart\" style=\"text-align:center;margin:0 auto;\"><\/div><\/p>\n<p>&#8211; foto Italpress &#8211;<br \/>\n(ITALPRESS).<div id=\"videoincontent\" style=\"clear:both\";><\/div><\/p><\/div>\n","protected":false},"excerpt":{"rendered":"<p>ROMA (ITALPRESS) &#8211; &#8220;La nostra idea di Europa \u00e8 inclusiva, di un&#8217;Europa che prenda posizioni forti su temi dirimenti come la guerra che \u00e8 proprio alle porte dell&#8217;Unione e che metta all&#8217;angolo tutti gli &#8216;ism\u00ec che ci stanno assediando. Un&#8217;idea di Europa che punta su uno sviluppo reale e concreto che passa dalla transizione energetica&#8221;. [&hellip;]<\/p>\n","protected":false},"author":18,"featured_media":200620,"comment_status":"closed","ping_status":"closed","sticky":false,"template":"","format":"standard","meta":{"ub_ctt_via":"","_mi_skip_tracking":false},"categories":[446],"tags":[783],"featured_image_src":"https:\/\/www.messinaoggi.it\/website\/wp-content\/uploads\/2024\/06\/20240607_0685.jpg","author_info":{"display_name":"Admin","author_link":"https:\/\/www.messinaoggi.it\/website\/author\/admin\/"},"digistream_id":0,"digistream":false,"_links":{"self":[{"href":"https:\/\/www.messinaoggi.it\/website\/wp-json\/wp\/v2\/posts\/200619"}],"collection":[{"href":"https:\/\/www.messinaoggi.it\/website\/wp-json\/wp\/v2\/posts"}],"about":[{"href":"https:\/\/www.messinaoggi.it\/website\/wp-json\/wp\/v2\/types\/post"}],"author":[{"embeddable":true,"href":"https:\/\/www.messinaoggi.it\/website\/wp-json\/wp\/v2\/users\/18"}],"replies":[{"embeddable":true,"href":"https:\/\/www.messinaoggi.it\/website\/wp-json\/wp\/v2\/comments?post=200619"}],"version-history":[{"count":0,"href":"https:\/\/www.messinaoggi.it\/website\/wp-json\/wp\/v2\/posts\/200619\/revisions"}],"wp:featuredmedia":[{"embeddable":true,"href":"https:\/\/www.messinaoggi.it\/website\/wp-json\/wp\/v2\/media\/200620"}],"wp:attachment":[{"href":"https:\/\/www.messinaoggi.it\/website\/wp-json\/wp\/v2\/media?parent=200619"}],"wp:term":[{"taxonomy":"category","embeddable":true,"href":"https:\/\/www.messinaoggi.it\/website\/wp-json\/wp\/v2\/categories?post=200619"},{"taxonomy":"post_tag","embeddable":true,"href":"https:\/\/www.messinaoggi.it\/website\/wp-json\/wp\/v2\/tags?post=200619"}],"curies":[{"name":"wp","href":"https:\/\/api.w.org\/{rel}","templated":true}]}}