{"id":200565,"date":"2024-06-07T10:55:53","date_gmt":"2024-06-07T08:55:53","guid":{"rendered":"http:\/\/www.messinaoggi.it\/website\/?p=200565"},"modified":"2024-06-07T10:55:55","modified_gmt":"2024-06-07T08:55:55","slug":"ponte-germana-querela-bonelli","status":"publish","type":"post","link":"https:\/\/www.messinaoggi.it\/website\/2024\/06\/07\/ponte-germana-querela-bonelli\/","title":{"rendered":"Ponte, German\u00e0 querela Bonelli"},"content":{"rendered":"\n<p>\u201cDepositata, dall\u2019avvocato penalista di Messina, Salvatore Silvestro, presso il Tribunale di Roma, la mia querela nei confronti di Angelo Bonelli&#8221;. Ad annunciarlo \u00e8 il senatore della Lega Nino German\u00e0, vicepresidente del Gruppo Lega e segretario in commissione Trasporti a Palazzo Madama, e candidato alle prossime elezioni europee per la circoscrizione Isole.<div id=\"div-gpt-ad-Messinaoggi.it-DSK-300x250-corpoart\" style=\"text-align:center;margin:0 auto;\"><\/div><\/p>\n\n\n\n<p>&#8220;Il deputato di Alleanza Verdi e Sinistra, ha intrapreso una sistematica campagna diffamatoria nei confronti di tutti coloro che hanno manifestato il loro favorevole apprezzamento sulla necessit\u00e0 e sull\u2019opportunit\u00e0 che si dia immediata esecuzione alla realizzazione del Ponte sullo Stretto di Messina. &#8211; spiega German\u00e0 &#8211; In particolare Bonelli, in un clima di assoluta mistificazione della realt\u00e0, ha realizzato con disarmante sistematicit\u00e0 un attacco mediatico e giudiziario caratterizzato dalla veicolazione di dati e circostanze che non trovano alcun riscontro nella realt\u00e0. Il Ponte \u00e8 un\u2019opera strategica e fondamentale per lo sviluppo della Sicilia e di tutto il Paese. Basta con la strumentalizzazione e con le fake news montate ad arte da certa sinistra\u201d.<div id=\"videoincontent\" style=\"clear:both\";><\/div><\/p>\n","protected":false},"excerpt":{"rendered":"<p>\u201cDepositata, dall\u2019avvocato penalista di Messina, Salvatore Silvestro, presso il Tribunale di Roma, la mia querela nei confronti di Angelo Bonelli&#8221;. Ad annunciarlo \u00e8 il senatore della Lega Nino German\u00e0, vicepresidente del Gruppo Lega e segretario in commissione Trasporti a Palazzo Madama, e candidato alle prossime elezioni europee per la circoscrizione Isole. &#8220;Il deputato di Alleanza [&hellip;]<\/p>\n","protected":false},"author":8,"featured_media":200566,"comment_status":"open","ping_status":"open","sticky":false,"template":"","format":"standard","meta":{"ub_ctt_via":"","_mi_skip_tracking":false},"categories":[7567],"tags":[630],"featured_image_src":"https:\/\/www.messinaoggi.it\/website\/wp-content\/uploads\/2024\/06\/silvestro-germana-1.jpg","author_info":{"display_name":"red..me","author_link":"https:\/\/www.messinaoggi.it\/website\/author\/redstage\/"},"digistream_id":0,"digistream":false,"_links":{"self":[{"href":"https:\/\/www.messinaoggi.it\/website\/wp-json\/wp\/v2\/posts\/200565"}],"collection":[{"href":"https:\/\/www.messinaoggi.it\/website\/wp-json\/wp\/v2\/posts"}],"about":[{"href":"https:\/\/www.messinaoggi.it\/website\/wp-json\/wp\/v2\/types\/post"}],"author":[{"embeddable":true,"href":"https:\/\/www.messinaoggi.it\/website\/wp-json\/wp\/v2\/users\/8"}],"replies":[{"embeddable":true,"href":"https:\/\/www.messinaoggi.it\/website\/wp-json\/wp\/v2\/comments?post=200565"}],"version-history":[{"count":1,"href":"https:\/\/www.messinaoggi.it\/website\/wp-json\/wp\/v2\/posts\/200565\/revisions"}],"predecessor-version":[{"id":200567,"href":"https:\/\/www.messinaoggi.it\/website\/wp-json\/wp\/v2\/posts\/200565\/revisions\/200567"}],"wp:featuredmedia":[{"embeddable":true,"href":"https:\/\/www.messinaoggi.it\/website\/wp-json\/wp\/v2\/media\/200566"}],"wp:attachment":[{"href":"https:\/\/www.messinaoggi.it\/website\/wp-json\/wp\/v2\/media?parent=200565"}],"wp:term":[{"taxonomy":"category","embeddable":true,"href":"https:\/\/www.messinaoggi.it\/website\/wp-json\/wp\/v2\/categories?post=200565"},{"taxonomy":"post_tag","embeddable":true,"href":"https:\/\/www.messinaoggi.it\/website\/wp-json\/wp\/v2\/tags?post=200565"}],"curies":[{"name":"wp","href":"https:\/\/api.w.org\/{rel}","templated":true}]}}