{"id":20052,"date":"2018-05-31T08:20:44","date_gmt":"2018-05-31T06:20:44","guid":{"rendered":"http:\/\/www.messinaoggi.it\/website\/?p=20052"},"modified":"2018-05-31T08:20:44","modified_gmt":"2018-05-31T06:20:44","slug":"eleme-de-luca-lancia-il-suo-agosto-messinese","status":"publish","type":"post","link":"https:\/\/www.messinaoggi.it\/website\/2018\/05\/31\/eleme-de-luca-lancia-il-suo-agosto-messinese\/","title":{"rendered":"EleMe, De Luca lancia il &quot;suo&quot; agosto messinese"},"content":{"rendered":"<p> <div id=\"div-gpt-ad-Messinaoggi.it-DSK-300x250-corpoart\" style=\"text-align:center;margin:0 auto;\"><\/div><\/p>\n<p style=\"text-align: justify\"><strong>\u201c<\/strong><em>Nell&#8217;ottica di restituire alla citt\u00e0 i suoi grandi Eventi, \u00e8 nostro intendimento istituire l&#8217;Agosto messinese, un intero mese di manifestazioni all\u2019interno del quale valorizzare al meglio gli appuntamenti simbolo della citt\u00e0 di Messina con in testa la Vara, lo sbarco di Don Giovani d\u2019Austria e la passeggiata dei Giganti, ma anche le innumerevoli feste patronali che ricadono in tale periodo, mediante l\u2019allestimento di un Calendario ricco di Eventi e di appuntamenti artistici, musicali, teatrali, sportivi, cinematografici di ottimo livello puntando su sponsor privati e alo stesso tempo dando ampio spazio alla valorizzazione dei giovani talenti artistici della citt\u00e0 ed allietare al megliol&#8217;estate di tutti i messinesi, ma anche dei tanti turisti e croceristi che faranno tappa in quel periodo a Messina. Istituire il ciclo delle notti bianche itineranti ogni sabato da maggio a settembre coniugando cultura, musica e gastronomia consentirebbe di far assurgere Messina a citt\u00e0 degli artisti\u201d. <\/em>A dirlo l\u2019on Cateno De Luca candidato sindaco di Messina che aggngiunge: \u201cUn altro obiet<em>tivo \u00e8 istituire i Centri Artistici Polifunzionali, verranno realizzati in strutture di propriet\u00e0 comunale della citt\u00e0 metropolitana e\/o altri rintracciati tra i beni confiscati alla mafia. Saranno dislocati da nord a sud e nei villaggi dell\u2019intero territorio comunale. Si occuperanno di avviare percorsi artistici e culturali per bambini e giovani messinesi, proponendo varie forme di arte quali musica, canto, recitazione, danza, pittura, scultura, tradizioni popolari ed antichi mestieri. Importante poi valorizzare le tradizioni popolari, con la scuola degli antichi mestieri e tradizione popolare. Nell&#8217;ambito del Brand Messina infatti \u00a0si proceder\u00e0 all&#8217;istituzione della \u201cscuola degli antichi mestieri e delle tradizioni popolari messinesi\u201d allo scopo di attualizzare al meglio le nostre tradizioni e gli antichi mestieri marinari, artigianali e rurali, partendo dal censimento anche delle risorse umane ancora vivente per poter insegnare e trasmettere alla giovane generazione le radici della nostra identit\u00e0, pu\u00f2 rappresentare un volano di promozione e di aggregazione con sicuri sbocchi occupazionali. Ristrutturazione appartamenti di propriet\u00e0 della Citt\u00e0 Metropolitana da adibire a Scuola di Formazione di Antichi Mestieri e Tradizioni Popolari. In quest\u2019ottica si realizzer\u00e0 anche la fiera degli antichi mestieri e delle tradizioni popolari. <\/em><em>Focalizzando l\u2019attenzione sull\u2019artigianato locale da realizzarsi in partnership con gli imprenditori messinesi, cos\u00ec da riqualificare anche lo storico percorso fieristico mortificato negli anni da politiche regionali e comunali inidonee.Infine, abbiamo previsto la realizzazione di un\u2019esposizione permanente di fotogrammi e riproduzioni degli antichi mestieri e delle tradizioni popolari della citt\u00e0 di Messina pre-terremoto con spazi dedicati anche agli eventi alluvionali che hanno flagellato il nostro territorio e la popolazione messinese tutta\u201d.<\/em><div id=\"videoincontent\" style=\"clear:both\";><\/div><\/p>\n<p style=\"text-align: justify\">Rilanciare il teatro Vittorio Emanuele: \u201c<em>La\u00a0 difficile situazione gestionale e economica del teatro Vittorio Emanuele .- prosegue De Luca \u00e8 o ormai risaputa da anni, ci dispiace per quanto sta accadendo in queste ore, mia auguro che con l\u2019impegno di tutti si possa superare questo momento. Da deputato regionale ho fatto avere maggiori fondi all\u2019Ente ma il problema \u00e8 soprattutto gestionale. folcloristici della citt\u00e0 e della provincia per garantire un nuovo impulso culturale e musicale. Sarebbe interessante verificare in accordo con la regione siciliana la possibilit\u00e0 di assegnare la gestione del Teatro al comune di Messina al fine di modificare l\u2019attuale assetto gestionale per poter creare le condizioni per stabilizzare gli orchestrali e le altre maestranze indispensabili per lo svolgimento delle attivit\u00e0. <\/em><em>Si dovr\u00e0 poi valorizzare il teatro prevedendo anche l\u2019allestimento di iniziative da rappresentare ai croceristi. Al tempo stesso bisogner\u00e0 creare nuovi spazi da mettere a disposizione di tutte le compagnie teatrali, delle band giovanili e dei gruppi\u201d. <\/em><\/p>\n<p style=\"text-align: justify\"><em>Amministrazione incubatore culturale<\/em><em>: &#8220;Molti artisti &#8211; conclude De Luca &#8211; stanno apprezzando le nostre idee tra questi il cantante Salvatore Nocera che ha aderit oal nostro progetto.\u00a0<\/em><em>La musica \u00e8 un diritto per tutti ed un collante delle relazioni sociali. La citt\u00e0 di Messina, da sempre, \u00e8 stata caratterizzata dalla presenza di molti artisti e in special modo musicisti che purtroppo non sempre hanno avuto la possibilit\u00e0 di poter esprimere il proprio talento nel proprio territorio.\u00a0 <\/em><em>Oltre alla centralit\u00e0 del Vittorio Emanuele, che si ribadisce deve essere valorizzato ed inserito nel circuito del brand I\u2019Messina, l\u2019Amministrazione \u201cDe Luca\u201d si prefigge di diventare \u201cL\u2019incubatore\u201d per tutti i talenti artistici messinesi, con particolare riferimento ai giovani. \u00c8 importante creare l\u2019humus cittadino, cos\u00ec come \u00e8 successo per la citt\u00e0 di Catania agli inizi degli anni \u201990 e che ha permesso ad artisti del calibro di Carmen Consoli di manifestarsi sugli scenari nazionali ed internazionali.\u00a0 <\/em><em>Il supporto sar\u00e0 estrinsecato attraverso degli eventi periodici in luoghi simbolici della citt\u00e0 (piazze pi\u00f9 importanti sia del centro urbano che dei villaggi), l\u2019amministrazione supporter\u00e0 gli eventi attraverso il \u201cservices\u201d, il palco, la SIAE. Inoltre il nostro programma di governo prevede la riqualificazione di Villa Dante e la copertura dell\u2019arena che insiste in tale area. Ci\u00f2 consentir\u00e0 di organizzare eventi di spettacolo durante tutto l\u2019anno. Tale area pu\u00f2 e deve diventare un punto d\u2019incontro della citt\u00e0 ed il nuovo incubatore musicale\u201d.<\/em><\/p>\n","protected":false},"excerpt":{"rendered":"<p>\u201cNell&#8217;ottica di restituire alla citt\u00e0 i suoi grandi Eventi, \u00e8 nostro intendimento istituire l&#8217;Agosto messinese, un intero mese di manifestazioni all\u2019interno del quale valorizzare al meglio gli appuntamenti simbolo della citt\u00e0 di Messina con in testa la Vara, lo sbarco di Don Giovani d\u2019Austria e la passeggiata dei Giganti, ma anche le innumerevoli feste patronali [&hellip;]<\/p>\n","protected":false},"author":15,"featured_media":16474,"comment_status":"closed","ping_status":"open","sticky":false,"template":"","format":"standard","meta":{"ub_ctt_via":"","_mi_skip_tracking":false},"categories":[6],"tags":[],"featured_image_src":"https:\/\/www.messinaoggi.it\/website\/wp-content\/uploads\/2018\/03\/conf-de-luca-RRP_5480-1.jpg","author_info":{"display_name":"red.me","author_link":"https:\/\/www.messinaoggi.it\/website\/author\/red-me\/"},"digistream_id":0,"digistream":false,"_links":{"self":[{"href":"https:\/\/www.messinaoggi.it\/website\/wp-json\/wp\/v2\/posts\/20052"}],"collection":[{"href":"https:\/\/www.messinaoggi.it\/website\/wp-json\/wp\/v2\/posts"}],"about":[{"href":"https:\/\/www.messinaoggi.it\/website\/wp-json\/wp\/v2\/types\/post"}],"author":[{"embeddable":true,"href":"https:\/\/www.messinaoggi.it\/website\/wp-json\/wp\/v2\/users\/15"}],"replies":[{"embeddable":true,"href":"https:\/\/www.messinaoggi.it\/website\/wp-json\/wp\/v2\/comments?post=20052"}],"version-history":[{"count":0,"href":"https:\/\/www.messinaoggi.it\/website\/wp-json\/wp\/v2\/posts\/20052\/revisions"}],"wp:featuredmedia":[{"embeddable":true,"href":"https:\/\/www.messinaoggi.it\/website\/wp-json\/wp\/v2\/media\/16474"}],"wp:attachment":[{"href":"https:\/\/www.messinaoggi.it\/website\/wp-json\/wp\/v2\/media?parent=20052"}],"wp:term":[{"taxonomy":"category","embeddable":true,"href":"https:\/\/www.messinaoggi.it\/website\/wp-json\/wp\/v2\/categories?post=20052"},{"taxonomy":"post_tag","embeddable":true,"href":"https:\/\/www.messinaoggi.it\/website\/wp-json\/wp\/v2\/tags?post=20052"}],"curies":[{"name":"wp","href":"https:\/\/api.w.org\/{rel}","templated":true}]}}