{"id":200423,"date":"2024-06-05T20:08:01","date_gmt":"2024-06-05T18:08:01","guid":{"rendered":"https:\/\/www.messinaoggi.it\/website\/2024\/06\/05\/europee-tajani-votare-ppe-per-far-contare-litalia-mai-con-le-pen\/"},"modified":"2024-06-05T22:28:13","modified_gmt":"2024-06-05T20:28:13","slug":"europee-tajani-votare-ppe-per-far-contare-litalia-mai-con-le-pen","status":"publish","type":"post","link":"https:\/\/www.messinaoggi.it\/website\/2024\/06\/05\/europee-tajani-votare-ppe-per-far-contare-litalia-mai-con-le-pen\/","title":{"rendered":"Europee, Tajani \u201cVotare Ppe per far contare l\u2019Italia, mai con Le Pen\u201d"},"content":{"rendered":"<div>ROMA (ITALPRESS) &#8211; Chiede agli italiani di votare, sabato e domenica, &#8220;per far contare di pi\u00f9&#8221; il nostro Paese in Europa, &#8220;ormai indispensabile&#8221;. Il vicepremier e ministro degli Esteri, Antonio Tajani, lo spiega in un&#8217;intervista a Claudio Brachino per la rubrica &#8220;Primo Piano &#8211; Elezioni Europee&#8221; dell&#8217;agenzia Italpress. E da leader di Forza Italia spinge il Partito Popolare Europeo, &#8220;di cui noi siamo la sezione italiana. Siamo europeisti, l&#8217;Europa \u00e8 figlia della cultura di De Gasperi e don Sturzo. Questa \u00e8 la nostra visione, il PPE d\u00e0 le carte&#8221;. Il futuro presidente della Commissione UE secondo Tajani sar\u00e0 popolare. &#8220;Per contare in Europa bisogna essere nel PPE, chi sceglie Forza Italia sceglie di contare pi\u00f9 in Europa&#8221;, ripete il vicepremier, assicurando che non far\u00e0 mai alleanze con Le Pen.<br \/>\n&#8220;Il mio progetto \u00e8 costruire una maggioranza con popolari, liberali e conservatori &#8211; assicura -: una maggioranza di centrodestra. E&#8217; la stessa che ho guidato nel 2017 da presidente del Parlamento UE. Non possiamo fare alleanze con Le Pen perch\u00e8 ha una visione politica diversa: vuole uscire dall&#8217;alleanza Nato, \u00e8 contro l&#8217;unione energetica. E&#8217; questa la soluzione? Io dico di no. Bene hanno fatto per\u00f2 a espellere Afd&#8221;.<br \/>\nNella visione europeista, Tajani sogna &#8220;una politica estera pi\u00f9 forte e unica, con una difesa europea che sia guidata da un commissario alla difesa con un percorso per arrivare ad un esercito comune. Anche all&#8217;interno della Nato serve pi\u00f9 Europa, non possiamo chiedere sempre agli Usa di farci da ombrello&#8221;. Sulla politica internazionale conferma il veto all&#8217;uso delle armi fuori dai territori ucraini attaccati e appoggia il cessate fuoco chiesto dagli Usa a Gaza.<br \/>\nDelicata anche la lotta al cambiamento climatico. In Europa serve la terza via, consiglia Tajani. &#8220;Bisogna combattere il cambiamento climatico senza fare scelte dannose che provocano la perdita di posti di lavoro. Servono moderazione e idee&#8221;.<br \/>\nIl segretario di FI sottolinea la necessit\u00e0 su &#8220;un&#8217;inversione di tendenza su politica industriale e della crescita. Ci si \u00e8 concentrati molto sul green, serve un cambiamento netto con proposte, creando nuovi posti di lavoro attraverso innovazione e ricerca&#8221;.<br \/>\nSecondo Tajani &#8220;bisogna abbattere la pressione fiscale arrivando a un&#8217;armonizzazione&#8221;.<br \/>\nSui migranti chiede uno sforzo comune. &#8220;E&#8217; un grande tema europeo &#8211; afferma &#8211; il piano Mattei da solo \u00e8 una parte importante ma non basta. Bisogna affrontare con determinazione la questione africana come stiamo facendo noi come governo&#8221;.<br \/>\nSulle questioni nazionali, occhi puntati sulle liste d&#8217;attesa in sanit\u00e0. &#8220;Una vera e propria piaga&#8221;, sostiene Tajani. &#8220;Continuiamo a combatterla ancora oggi. Il governo ha preso il toro per le corna, nessuno se ne era mai occupato con tanta determinazione. C&#8217;\u00e8 un decreto per risolvere un problema annoso&#8221;.<br \/>\nIntanto vede la luce la riforma sulla giustizia, &#8220;che non offende i magistrati ma ne esalta il ruolo. La riforma \u00e8 fondamentale anche perch\u00e8 d\u00e0 certezze agli investitori. La nostra giustizia ora \u00e8 una lumaca, cos\u00ec gli investitori fuggono&#8221;, conclude Tajani.<div id=\"div-gpt-ad-Messinaoggi.it-DSK-300x250-corpoart\" style=\"text-align:center;margin:0 auto;\"><\/div><\/p>\n<p>&#8211; Foto Italpress &#8211;<div id=\"videoincontent\" style=\"clear:both\";><\/div><\/p>\n<p>(ITALPRESS).<\/p><\/div>\n","protected":false},"excerpt":{"rendered":"<p>ROMA (ITALPRESS) &#8211; Chiede agli italiani di votare, sabato e domenica, &#8220;per far contare di pi\u00f9&#8221; il nostro Paese in Europa, &#8220;ormai indispensabile&#8221;. Il vicepremier e ministro degli Esteri, Antonio Tajani, lo spiega in un&#8217;intervista a Claudio Brachino per la rubrica &#8220;Primo Piano &#8211; Elezioni Europee&#8221; dell&#8217;agenzia Italpress. E da leader di Forza Italia spinge [&hellip;]<\/p>\n","protected":false},"author":18,"featured_media":200424,"comment_status":"closed","ping_status":"closed","sticky":false,"template":"","format":"standard","meta":{"ub_ctt_via":"","_mi_skip_tracking":false},"categories":[446,4],"tags":[783],"featured_image_src":"https:\/\/www.messinaoggi.it\/website\/wp-content\/uploads\/2024\/06\/20240605_2089.jpg","author_info":{"display_name":"Admin","author_link":"https:\/\/www.messinaoggi.it\/website\/author\/admin\/"},"digistream_id":0,"digistream":false,"_links":{"self":[{"href":"https:\/\/www.messinaoggi.it\/website\/wp-json\/wp\/v2\/posts\/200423"}],"collection":[{"href":"https:\/\/www.messinaoggi.it\/website\/wp-json\/wp\/v2\/posts"}],"about":[{"href":"https:\/\/www.messinaoggi.it\/website\/wp-json\/wp\/v2\/types\/post"}],"author":[{"embeddable":true,"href":"https:\/\/www.messinaoggi.it\/website\/wp-json\/wp\/v2\/users\/18"}],"replies":[{"embeddable":true,"href":"https:\/\/www.messinaoggi.it\/website\/wp-json\/wp\/v2\/comments?post=200423"}],"version-history":[{"count":1,"href":"https:\/\/www.messinaoggi.it\/website\/wp-json\/wp\/v2\/posts\/200423\/revisions"}],"predecessor-version":[{"id":200431,"href":"https:\/\/www.messinaoggi.it\/website\/wp-json\/wp\/v2\/posts\/200423\/revisions\/200431"}],"wp:featuredmedia":[{"embeddable":true,"href":"https:\/\/www.messinaoggi.it\/website\/wp-json\/wp\/v2\/media\/200424"}],"wp:attachment":[{"href":"https:\/\/www.messinaoggi.it\/website\/wp-json\/wp\/v2\/media?parent=200423"}],"wp:term":[{"taxonomy":"category","embeddable":true,"href":"https:\/\/www.messinaoggi.it\/website\/wp-json\/wp\/v2\/categories?post=200423"},{"taxonomy":"post_tag","embeddable":true,"href":"https:\/\/www.messinaoggi.it\/website\/wp-json\/wp\/v2\/tags?post=200423"}],"curies":[{"name":"wp","href":"https:\/\/api.w.org\/{rel}","templated":true}]}}