{"id":200359,"date":"2024-06-05T16:08:16","date_gmt":"2024-06-05T14:08:16","guid":{"rendered":"http:\/\/www.messinaoggi.it\/website\/?p=200359"},"modified":"2024-06-05T22:48:40","modified_gmt":"2024-06-05T20:48:40","slug":"arriva-il-caldo-termometro-oltre-i-35-gradi","status":"publish","type":"post","link":"https:\/\/www.messinaoggi.it\/website\/2024\/06\/05\/arriva-il-caldo-termometro-oltre-i-35-gradi\/","title":{"rendered":"Arriva il caldo, termometro oltre i 35 gradi"},"content":{"rendered":"\n<p>Prima ondata di calore in Italia con l\u2019anticiclone africano e temperature con picchi di 40\u00b0. Il forte caldo \u00e8 associato alla formazione di una lacuna barica iberico-marocchina tra isole Canarie, Marocco e Penisola iberica. Questa area depressionaria, con la rotazione delle correnti in senso antiorario intorno al suo centro, spinge da Sud verso Nord le masse d\u2019aria sub tropicali continentali direttamente dal Sahara verso l\u2019Italia. Attraversando il Mediterraneo queste masse d\u2019aria si caricano anche di elevata umidit\u00e0.<br>Nei prossimi giorni le temperature saliranno con il picco atteso tra venerd\u00ec e sabato al Centro-Nord e tra domenica e luned\u00ec al Sud. Nelle prossime ore tra Sicilia e Puglia transiter\u00e0 ancora una modesta linea di instabilit\u00e0 con qualche piovasco. Gioved\u00ec giornata di sole, offuscata al pi\u00f9 da sottili velature associate anche a un po\u2019 di sabbia del deserto; le minime inizieranno a essere un po\u2019 pi\u00f9 calde.<br>Tra venerd\u00ec e sabato raggiungeremo il picco del caldo afoso al Centro-Nord, ma il caldo aumenter\u00e0 ancora tra domenica e luned\u00ec. Domenica non sono esclusi temporali al Nord e nubi al Centro, mentre al Sud un ulteriore afflusso di aria calda dai quadranti meridionali (Libia) spinger\u00e0 il termometro fino a 39-40\u00b0: al momento le zone pi\u00f9 colpite sono previste in Sicilia, Cefal\u00f9 con 39\u00b0, ma anche buona parte del Nisseno e dell\u2019Ennese.<div id=\"div-gpt-ad-Messinaoggi.it-DSK-300x250-corpoart\" style=\"text-align:center;margin:0 auto;\"><\/div><\/p>\n<div id=\"videoincontent\" style=\"clear:both\";><\/div>","protected":false},"excerpt":{"rendered":"<p>Prima ondata di calore in Italia con l\u2019anticiclone africano e temperature con picchi di 40\u00b0. Il forte caldo \u00e8 associato alla formazione di una lacuna barica iberico-marocchina tra isole Canarie, Marocco e Penisola iberica. Questa area depressionaria, con la rotazione delle correnti in senso antiorario intorno al suo centro, spinge da Sud verso Nord le [&hellip;]<\/p>\n","protected":false},"author":4,"featured_media":22802,"comment_status":"open","ping_status":"open","sticky":false,"template":"","format":"standard","meta":{"ub_ctt_via":"","_mi_skip_tracking":false},"categories":[19],"tags":[10047],"featured_image_src":"https:\/\/www.messinaoggi.it\/website\/wp-content\/uploads\/2018\/08\/caldo-estate-1.jpg","author_info":{"display_name":"redme","author_link":"https:\/\/www.messinaoggi.it\/website\/author\/redme\/"},"digistream_id":0,"digistream":false,"_links":{"self":[{"href":"https:\/\/www.messinaoggi.it\/website\/wp-json\/wp\/v2\/posts\/200359"}],"collection":[{"href":"https:\/\/www.messinaoggi.it\/website\/wp-json\/wp\/v2\/posts"}],"about":[{"href":"https:\/\/www.messinaoggi.it\/website\/wp-json\/wp\/v2\/types\/post"}],"author":[{"embeddable":true,"href":"https:\/\/www.messinaoggi.it\/website\/wp-json\/wp\/v2\/users\/4"}],"replies":[{"embeddable":true,"href":"https:\/\/www.messinaoggi.it\/website\/wp-json\/wp\/v2\/comments?post=200359"}],"version-history":[{"count":1,"href":"https:\/\/www.messinaoggi.it\/website\/wp-json\/wp\/v2\/posts\/200359\/revisions"}],"predecessor-version":[{"id":200364,"href":"https:\/\/www.messinaoggi.it\/website\/wp-json\/wp\/v2\/posts\/200359\/revisions\/200364"}],"wp:featuredmedia":[{"embeddable":true,"href":"https:\/\/www.messinaoggi.it\/website\/wp-json\/wp\/v2\/media\/22802"}],"wp:attachment":[{"href":"https:\/\/www.messinaoggi.it\/website\/wp-json\/wp\/v2\/media?parent=200359"}],"wp:term":[{"taxonomy":"category","embeddable":true,"href":"https:\/\/www.messinaoggi.it\/website\/wp-json\/wp\/v2\/categories?post=200359"},{"taxonomy":"post_tag","embeddable":true,"href":"https:\/\/www.messinaoggi.it\/website\/wp-json\/wp\/v2\/tags?post=200359"}],"curies":[{"name":"wp","href":"https:\/\/api.w.org\/{rel}","templated":true}]}}