{"id":20033,"date":"2018-05-30T19:20:53","date_gmt":"2018-05-30T17:20:53","guid":{"rendered":"http:\/\/www.messinaoggi.it\/website\/?p=20033"},"modified":"2018-05-30T19:20:53","modified_gmt":"2018-05-30T17:20:53","slug":"nuovi-casi-di-maltrattamenti-in-famiglia-a-savoca-e-malvagna","status":"publish","type":"post","link":"https:\/\/www.messinaoggi.it\/website\/2018\/05\/30\/nuovi-casi-di-maltrattamenti-in-famiglia-a-savoca-e-malvagna\/","title":{"rendered":"Nuovi casi di maltrattamenti in famiglia a Savoca e Malvagna"},"content":{"rendered":"<p style=\"text-align: justify\"><em>Un nuovo caso di maltrattamenti in famiglia, questa volta a Malvagna dove \u00e8 stato tratto in arresto per lesioni personali\u00a0<\/em>nei confronti dell\u2019ex moglie,\u00a0\u00a0il classe 1967 P.R.C.<div id=\"div-gpt-ad-Messinaoggi.it-DSK-300x250-corpoart\" style=\"text-align:center;margin:0 auto;\"><\/div><\/p>\n<p style=\"text-align: justify\">Il provvedimento restrittivo scaturisce dagli esiti di mirate indagini, sviluppate dai carabinieri della stazione locale, con il supporto della \u201ctask force\u201d specializzata, costituita a livello provinciale, per il contrasto alle \u201cviolenze di genere\u201d che hanno consentito di comprovare quanto denunciato dalla vittima nei giorni precedenti in merito alla reiterate vessazioni e percosse, nonch\u00e9 alle lesioni e alle minacce di morte, di cui la donna \u00e8 stata fatta oggetto da parte del marito. Espletate le formalit\u00e0 di rito l\u2019arrestato veniva associato presso la Casa Circondariale di Messina \u201cGazzi\u201d a disposizione dell\u2019A.G.<div id=\"videoincontent\" style=\"clear:both\";><\/div><\/p>\n<p style=\"text-align: justify\">Altro episodio simile si \u00e8 verificato in Savoca ove i militari della Stazione di Sant\u2019Alessio Siculo hanno dato esecuzione ad una misura di custodia cautelare in carcere emessa dal Tribunale di Messina nei confronti di G.M.G classe\u201980 per <em>atti persecutori e violenza privata<\/em>. La misura cautelare emessa scaturisce da una nuova denuncia querela presentata dall\u2019ex convivente poich\u00e9, lo stalker, che era gi\u00e0 destinatario di divieto di avvicinamento alla parte offesa, reiterava la sua condotta violando cos\u00ec la misura cautelare cui gi\u00e0 sottostava. L&#8217;arrestato si trova adesso dietro le sbarre del carcere di Gazzi.<\/p>\n<p> <br \/>\n <br \/>\n <br \/>\n <\/p>\n","protected":false},"excerpt":{"rendered":"<p>Un nuovo caso di maltrattamenti in famiglia, questa volta a Malvagna dove \u00e8 stato tratto in arresto per lesioni personali\u00a0nei confronti dell\u2019ex moglie,\u00a0\u00a0il classe 1967 P.R.C. Il provvedimento restrittivo scaturisce dagli esiti di mirate indagini, sviluppate dai carabinieri della stazione locale, con il supporto della \u201ctask force\u201d specializzata, costituita a livello provinciale, per il contrasto [&hellip;]<\/p>\n","protected":false},"author":6,"featured_media":1472,"comment_status":"closed","ping_status":"open","sticky":false,"template":"","format":"standard","meta":{"ub_ctt_via":"","_mi_skip_tracking":false},"categories":[5,15],"tags":[],"featured_image_src":"https:\/\/www.messinaoggi.it\/website\/wp-content\/uploads\/2017\/06\/Carabinieri-arresto-2.jpg","author_info":{"display_name":"Redazione MessinaOggi.it","author_link":"https:\/\/www.messinaoggi.it\/website\/author\/p-vinci\/"},"digistream_id":0,"digistream":false,"_links":{"self":[{"href":"https:\/\/www.messinaoggi.it\/website\/wp-json\/wp\/v2\/posts\/20033"}],"collection":[{"href":"https:\/\/www.messinaoggi.it\/website\/wp-json\/wp\/v2\/posts"}],"about":[{"href":"https:\/\/www.messinaoggi.it\/website\/wp-json\/wp\/v2\/types\/post"}],"author":[{"embeddable":true,"href":"https:\/\/www.messinaoggi.it\/website\/wp-json\/wp\/v2\/users\/6"}],"replies":[{"embeddable":true,"href":"https:\/\/www.messinaoggi.it\/website\/wp-json\/wp\/v2\/comments?post=20033"}],"version-history":[{"count":0,"href":"https:\/\/www.messinaoggi.it\/website\/wp-json\/wp\/v2\/posts\/20033\/revisions"}],"wp:featuredmedia":[{"embeddable":true,"href":"https:\/\/www.messinaoggi.it\/website\/wp-json\/wp\/v2\/media\/1472"}],"wp:attachment":[{"href":"https:\/\/www.messinaoggi.it\/website\/wp-json\/wp\/v2\/media?parent=20033"}],"wp:term":[{"taxonomy":"category","embeddable":true,"href":"https:\/\/www.messinaoggi.it\/website\/wp-json\/wp\/v2\/categories?post=20033"},{"taxonomy":"post_tag","embeddable":true,"href":"https:\/\/www.messinaoggi.it\/website\/wp-json\/wp\/v2\/tags?post=20033"}],"curies":[{"name":"wp","href":"https:\/\/api.w.org\/{rel}","templated":true}]}}