{"id":200266,"date":"2024-06-05T10:08:02","date_gmt":"2024-06-05T08:08:02","guid":{"rendered":"https:\/\/www.messinaoggi.it\/website\/2024\/06\/05\/schillaci-ai-pazienti-visite-e-esami-diagnostici-entro-i-tempi\/"},"modified":"2024-06-05T10:27:47","modified_gmt":"2024-06-05T08:27:47","slug":"schillaci-ai-pazienti-visite-e-esami-diagnostici-entro-i-tempi","status":"publish","type":"post","link":"https:\/\/www.messinaoggi.it\/website\/2024\/06\/05\/schillaci-ai-pazienti-visite-e-esami-diagnostici-entro-i-tempi\/","title":{"rendered":"Schillaci \u201cAi pazienti visite e esami diagnostici entro i tempi\u201d"},"content":{"rendered":"<div>ROMA (ITALPRESS) &#8211; &#8220;Mai temuto di non farcela. La premier Meloni ha sempre voluto fortemente questa riforma. L&#8217;ho avuta al mio fianco&#8221;. Cos\u00ec, in un&#8217;intervista al Corriere della Sera, il ministro della Salute, Orazio Schillaci, in merito al provvedimento che riorganizza il sistema delle liste di attesa, approvato dal Consiglio dei ministri.<br \/>&#8220;Il Mef ha fatto il suo lavoro: far quadrare i conti. E&#8217; stata dura e alla fine abbiamo ottenuto tutto ci\u00f2 che volevamo per una sanit\u00e0 pi\u00f9 veloce nel rispondere ai bisogni dei pazienti&#8221;, sottolinea il Ministro, aggiungendo: &#8220;I cittadini potranno ottenere visite e esami diagnostici entro i tempi previsti in base all&#8217;urgenza. Se la prestazione non sar\u00e0 disponibile in un centro pubblico, la riceveranno in una struttura convenzionata o giovandosi, col solo pagamento di ticket, della libera professione del medico in regime di intra moenia (all&#8217;interno dell&#8217;ospedale ndr)&#8221;. E alla domanda su cosa cambier\u00e0 davvero, risponde: &#8220;Cambia che stavolta ci saranno controlli stringenti. Premieremo i direttori generali e sanitari delle aziende che garantiranno efficienza e sanzioneremo le negligenze&#8221;. Tra gli altri punti qualificanti del decreto, &#8220;ambulatori aperti il fine settimana, volendo anche con orario prolungato&#8221;, aggiunge.<br \/>&#8220;Per gli straordinari &#8211; spiega &#8211; riceveranno compensi tassati al 15%. Nella prossima legge di Bilancio sar\u00e0 inserita la defiscalizzazione di una parte delle indennit\u00e0&#8221;.<br \/>&#8220;Abbiamo ottenuto, per il 2024 &#8211; aggiunge -, l&#8217;aumento del tetto di spesa per le assunzioni dal 10 al 15% e, dal 2025, la sua abolizione&#8221;.<br \/>&#8220;Il decreto &#8211; sottolinea il ministro Schillaci &#8211; obbliga le Regioni a dotarsi di centri unici di prenotazione, i Cup, che raccolgono le disponibilit\u00e0 di ospedali pubblici e privati cos\u00ec da ampliare le possibilit\u00e0. Basta con le agende chiuse o con indegni galleggiamenti&#8221;. &#8220;Spesso &#8211; dice &#8211; chi chiama si sente rispondere che non \u00e8 possibile dare un appuntamento, per mancanza di posti liberi nei successivi due mesi. Una scusa per nascondere che in realt\u00e0 l&#8217;attesa sarebbe molto pi\u00f9 lunga. Poche Regioni si avvalgono di questo sistema. La Lombardia, il Lazio e forse qualcun&#8217;altra al nord&#8221;. Verr\u00e0 creata una piattaforma per il monitoraggio dei tempi di attesa &#8220;e cos\u00ec sapremo quanto c&#8217;\u00e8 da attendere e dove sono le criticit\u00e0 &#8211; aggiunge -. Oggi non abbiamo dati certi. Gli unici si basano sulle testimonianze dei cittadini, raccolte in modo non scientifico. Non nego l&#8217;esistenza delle liste d&#8217;attesa. Il fenomeno c&#8217;\u00e8. Manca un&#8217;analisi seria delle sue dimensioni&#8221;.<br \/>Per Schillaci &#8220;non \u00e8 per niente una mini riforma. Chi \u00e8 mai intervenuto in modo cos\u00ec completo e strutturale? Ora sono definiti chiaramente i compiti e soprattutto il cittadino non sar\u00e0 lasciato solo, per legge&#8221;. &#8220;C&#8217;\u00e8 la copertura finanziaria punto per punto, bollinata dal Mef&#8221;, aggiunge. E rivolgendosi alle Regioni, dichiara: &#8220;Il decreto \u00e8 la sintesi di tavoli di lavoro dove sono stati coinvolti tutti. Rispetteremo le loro competenze, certi della collaborazione. Le esorto intanto a spendere i fondi gi\u00e0 stanziati per il recupero dei tempi d&#8217;attesa accumulati durante la pandemia&#8221;.<br \/>&#8211; foto Agenzia Fotogramma &#8211;<br \/>(ITALPRESS).<\/div>\n<div id=\"div-gpt-ad-Messinaoggi.it-DSK-300x250-corpoart\" style=\"text-align:center;margin:0 auto;\"><\/div><\/p><div id=\"videoincontent\" style=\"clear:both\";><\/div>","protected":false},"excerpt":{"rendered":"<p>ROMA (ITALPRESS) &#8211; &#8220;Mai temuto di non farcela. La premier Meloni ha sempre voluto fortemente questa riforma. L&#8217;ho avuta al mio fianco&#8221;. Cos\u00ec, in un&#8217;intervista al Corriere della Sera, il ministro della Salute, Orazio Schillaci, in merito al provvedimento che riorganizza il sistema delle liste di attesa, approvato dal Consiglio dei ministri.&#8220;Il Mef ha fatto [&hellip;]<\/p>\n","protected":false},"author":18,"featured_media":200267,"comment_status":"closed","ping_status":"closed","sticky":false,"template":"","format":"standard","meta":{"ub_ctt_via":"","_mi_skip_tracking":false},"categories":[221,446],"tags":[783],"featured_image_src":"https:\/\/www.messinaoggi.it\/website\/wp-content\/uploads\/2024\/06\/20240605_0049.jpg","author_info":{"display_name":"Admin","author_link":"https:\/\/www.messinaoggi.it\/website\/author\/admin\/"},"digistream_id":0,"digistream":false,"_links":{"self":[{"href":"https:\/\/www.messinaoggi.it\/website\/wp-json\/wp\/v2\/posts\/200266"}],"collection":[{"href":"https:\/\/www.messinaoggi.it\/website\/wp-json\/wp\/v2\/posts"}],"about":[{"href":"https:\/\/www.messinaoggi.it\/website\/wp-json\/wp\/v2\/types\/post"}],"author":[{"embeddable":true,"href":"https:\/\/www.messinaoggi.it\/website\/wp-json\/wp\/v2\/users\/18"}],"replies":[{"embeddable":true,"href":"https:\/\/www.messinaoggi.it\/website\/wp-json\/wp\/v2\/comments?post=200266"}],"version-history":[{"count":1,"href":"https:\/\/www.messinaoggi.it\/website\/wp-json\/wp\/v2\/posts\/200266\/revisions"}],"predecessor-version":[{"id":200277,"href":"https:\/\/www.messinaoggi.it\/website\/wp-json\/wp\/v2\/posts\/200266\/revisions\/200277"}],"wp:featuredmedia":[{"embeddable":true,"href":"https:\/\/www.messinaoggi.it\/website\/wp-json\/wp\/v2\/media\/200267"}],"wp:attachment":[{"href":"https:\/\/www.messinaoggi.it\/website\/wp-json\/wp\/v2\/media?parent=200266"}],"wp:term":[{"taxonomy":"category","embeddable":true,"href":"https:\/\/www.messinaoggi.it\/website\/wp-json\/wp\/v2\/categories?post=200266"},{"taxonomy":"post_tag","embeddable":true,"href":"https:\/\/www.messinaoggi.it\/website\/wp-json\/wp\/v2\/tags?post=200266"}],"curies":[{"name":"wp","href":"https:\/\/api.w.org\/{rel}","templated":true}]}}