{"id":200168,"date":"2024-06-04T13:59:24","date_gmt":"2024-06-04T11:59:24","guid":{"rendered":"http:\/\/www.messinaoggi.it\/website\/?p=200168"},"modified":"2024-06-04T14:00:08","modified_gmt":"2024-06-04T12:00:08","slug":"ex-sanderso-le-municipalita-convocano-il-comitato-si-va-verso-la-bonifica","status":"publish","type":"post","link":"https:\/\/www.messinaoggi.it\/website\/2024\/06\/04\/ex-sanderso-le-municipalita-convocano-il-comitato-si-va-verso-la-bonifica\/","title":{"rendered":"Ex Sanderson, Le Municipalit\u00e0 convocano il Comitato: si va verso la bonifica?"},"content":{"rendered":"\n<p>Gioved\u00ec 30 Maggio il <strong>Comitato ex Sanderson<\/strong> \u00e8 stato convocato (a distanza di molto tempo dalla richiesta di convocazione, inoltrata il 20 dicembre 2023) dai consigli, per l\u2019occasione riuniti, della I e della II Municipalit\u00e0 per discutere del futuro dell\u2019ex fabbrica. <div id=\"div-gpt-ad-Messinaoggi.it-DSK-300x250-corpoart\" style=\"text-align:center;margin:0 auto;\"><\/div><\/p>\n\n\n\n<p>Ci\u00f2 \u00e8 avvenuto dopo il riuscitissimo Aperisanderson alla libreria Feltrinelli, svoltosi il giorno prima, durante il quale il Comitato ex Sanderson ha dialogato con i fermenti associativi presenti in citt\u00e0 che si occupano di rigenerazione urbana e partecipazione della cittadinanza. <div id=\"videoincontent\" style=\"clear:both\";><\/div><\/p>\n\n\n\n<figure class=\"wp-block-image size-large\"><img loading=\"lazy\" width=\"1024\" height=\"576\" src=\"http:\/\/www.messinaoggi.it\/website\/wp-content\/uploads\/2024\/06\/447605354_122148459416139267_6232035751775281411_n-1024x576.jpg\" alt=\"\" class=\"wp-image-200178\" srcset=\"https:\/\/www.messinaoggi.it\/website\/wp-content\/uploads\/2024\/06\/447605354_122148459416139267_6232035751775281411_n-1024x576.jpg 1024w, https:\/\/www.messinaoggi.it\/website\/wp-content\/uploads\/2024\/06\/447605354_122148459416139267_6232035751775281411_n-300x169.jpg 300w, https:\/\/www.messinaoggi.it\/website\/wp-content\/uploads\/2024\/06\/447605354_122148459416139267_6232035751775281411_n-768x432.jpg 768w, https:\/\/www.messinaoggi.it\/website\/wp-content\/uploads\/2024\/06\/447605354_122148459416139267_6232035751775281411_n-1536x864.jpg 1536w, https:\/\/www.messinaoggi.it\/website\/wp-content\/uploads\/2024\/06\/447605354_122148459416139267_6232035751775281411_n.jpg 1600w\" sizes=\"(max-width: 1024px) 100vw, 1024px\" \/><\/figure>\n\n\n\n<p>&#8220;Siamo consapevoli del limitato potere di intervento sulla questione dei consigli municipali ma abbiamo deciso di partire da l\u00ec perch\u00e9 gi\u00e0 durante la CoPED 2023 e nei mesi successivi, durante gli eventi organizzati dal nostro Comitato, la presenza del presidente Alessandro Costa e di Consigliere e Consiglieri non \u00e8 mai mancata. Abbiamo chiesto ai due Consigli, alla presenza dell\u2019Assessore del Comune di Messina Massimo Minutoli, di votare un atto di indirizzo che impegni l\u2019Amministrazione Comunale a fare il possibile perch\u00e9 l\u2019area ex Sanderson sia al pi\u00f9 presto bonificata da amianto ed olii industriali, cos\u00ec da ridurre il pesante rischio per la salute pubblica che l\u2019inquinamento da anni reca alla comunit\u00e0 locale&#8221; hanno spiegato sulla pagina Facebook ufficiale del Comitato. <\/p>\n\n\n\n<figure class=\"wp-block-image size-large\"><img loading=\"lazy\" width=\"1024\" height=\"576\" src=\"http:\/\/www.messinaoggi.it\/website\/wp-content\/uploads\/2024\/06\/447771720_122148459572139267_7877823255354849590_n-1024x576.jpg\" alt=\"\" class=\"wp-image-200179\" srcset=\"https:\/\/www.messinaoggi.it\/website\/wp-content\/uploads\/2024\/06\/447771720_122148459572139267_7877823255354849590_n-1024x576.jpg 1024w, https:\/\/www.messinaoggi.it\/website\/wp-content\/uploads\/2024\/06\/447771720_122148459572139267_7877823255354849590_n-300x169.jpg 300w, https:\/\/www.messinaoggi.it\/website\/wp-content\/uploads\/2024\/06\/447771720_122148459572139267_7877823255354849590_n-768x432.jpg 768w, https:\/\/www.messinaoggi.it\/website\/wp-content\/uploads\/2024\/06\/447771720_122148459572139267_7877823255354849590_n-1536x864.jpg 1536w, https:\/\/www.messinaoggi.it\/website\/wp-content\/uploads\/2024\/06\/447771720_122148459572139267_7877823255354849590_n.jpg 1600w\" sizes=\"(max-width: 1024px) 100vw, 1024px\" \/><\/figure>\n\n\n\n<p>&#8220;Abbiamo inoltre chiesto che questa bonifica non sia demolitiva, come nel progetto della Regione Siciliana che prevede l\u2019azzeramento dell\u2019area con rimozione di tutto ci\u00f2 che resta della ex fabbrica agrumaria, ma piuttosto conservativa, cos\u00ec da preservare la memoria e l\u2019identit\u00e0 del luogo, in cui la comunit\u00e0 locale ancora si rispecchia. Infine, abbiamo chiesto che qualsiasi ipotesi di rigenerazione dell\u2019area sia condivisa con i e le residenti della zona e non imposta dalla Regione Siciliana senza alcun processo di ascolto del territorio&#8221; hanno specificato. <\/p>\n\n\n\n<p>&#8220;La risposta alle nostre richieste \u00e8 stata interlocutoria ma (sulla carta) promettente. I Consiglieri e le Consigliere, insieme all\u2019Assessore Minutoli, si sono impegnati a convocare un incontro dopo le elezioni europee, presumibilmente nei primi giorni di luglio, a cui si inviteranno a partecipare Deputati e Deputate messinesi all\u2019Ars e in Parlamento, oltre al Presidente della Regione Siciliana, agli Assessori Regionali competenti e all\u2019Ente Sviluppo Agricolo, proprietario dell\u2019area. Continueremo a fare pressione perch\u00e9 questo incontro si faccia, il prima possibile, e perch\u00e9 da questo incontro possa nascere un futuro giusto, ecologicamente sostenibile e condiviso dalla comunit\u00e0 per l\u2019area ex Sanderson&#8221; hanno concluso.<\/p>\n\n\n\n<p><strong>Michele Bruno. <\/strong><\/p>\n","protected":false},"excerpt":{"rendered":"<p>Gioved\u00ec 30 Maggio il Comitato ex Sanderson \u00e8 stato convocato (a distanza di molto tempo dalla richiesta di convocazione, inoltrata il 20 dicembre 2023) dai consigli, per l\u2019occasione riuniti, della I e della II Municipalit\u00e0 per discutere del futuro dell\u2019ex fabbrica. Ci\u00f2 \u00e8 avvenuto dopo il riuscitissimo Aperisanderson alla libreria Feltrinelli, svoltosi il giorno prima, [&hellip;]<\/p>\n","protected":false},"author":123457,"featured_media":200177,"comment_status":"open","ping_status":"open","sticky":false,"template":"","format":"standard","meta":{"ub_ctt_via":"","_mi_skip_tracking":false},"categories":[6],"tags":[3836,247,9346,2771,10033,6984],"featured_image_src":"https:\/\/www.messinaoggi.it\/website\/wp-content\/uploads\/2024\/06\/447609201_122148459404139267_3701807456992842284_n.jpg","author_info":{"display_name":"Michele Bruno","author_link":"https:\/\/www.messinaoggi.it\/website\/author\/michele-bruno\/"},"digistream_id":0,"digistream":false,"_links":{"self":[{"href":"https:\/\/www.messinaoggi.it\/website\/wp-json\/wp\/v2\/posts\/200168"}],"collection":[{"href":"https:\/\/www.messinaoggi.it\/website\/wp-json\/wp\/v2\/posts"}],"about":[{"href":"https:\/\/www.messinaoggi.it\/website\/wp-json\/wp\/v2\/types\/post"}],"author":[{"embeddable":true,"href":"https:\/\/www.messinaoggi.it\/website\/wp-json\/wp\/v2\/users\/123457"}],"replies":[{"embeddable":true,"href":"https:\/\/www.messinaoggi.it\/website\/wp-json\/wp\/v2\/comments?post=200168"}],"version-history":[{"count":7,"href":"https:\/\/www.messinaoggi.it\/website\/wp-json\/wp\/v2\/posts\/200168\/revisions"}],"predecessor-version":[{"id":200182,"href":"https:\/\/www.messinaoggi.it\/website\/wp-json\/wp\/v2\/posts\/200168\/revisions\/200182"}],"wp:featuredmedia":[{"embeddable":true,"href":"https:\/\/www.messinaoggi.it\/website\/wp-json\/wp\/v2\/media\/200177"}],"wp:attachment":[{"href":"https:\/\/www.messinaoggi.it\/website\/wp-json\/wp\/v2\/media?parent=200168"}],"wp:term":[{"taxonomy":"category","embeddable":true,"href":"https:\/\/www.messinaoggi.it\/website\/wp-json\/wp\/v2\/categories?post=200168"},{"taxonomy":"post_tag","embeddable":true,"href":"https:\/\/www.messinaoggi.it\/website\/wp-json\/wp\/v2\/tags?post=200168"}],"curies":[{"name":"wp","href":"https:\/\/api.w.org\/{rel}","templated":true}]}}