{"id":20003,"date":"2018-05-30T11:29:35","date_gmt":"2018-05-30T09:29:35","guid":{"rendered":"http:\/\/www.messinaoggi.it\/website\/?p=20003"},"modified":"2018-05-30T11:29:35","modified_gmt":"2018-05-30T09:29:35","slug":"processo-matassa-capurro-accusato-da-collaboratore-di-giustizia-e-affiliato-al-clan-ventura","status":"publish","type":"post","link":"https:\/\/www.messinaoggi.it\/website\/2018\/05\/30\/processo-matassa-capurro-accusato-da-collaboratore-di-giustizia-e-affiliato-al-clan-ventura\/","title":{"rendered":"Processo Matassa, Capurro accusato da collaboratore di giustizia: &quot;\u00c8 affiliato al clan Ventura&quot;"},"content":{"rendered":"<p><span style=\"font-family: Arial, sans-serif\"><span style=\"color: #252525\"><span style=\"font-family: Arial, Helvetica Neue, Helvetica, sans-serif\"><span style=\"font-size: large\"><span lang=\"it-IT\">-\u201cAllora, oltre Marcello Tavilla, c\u2019\u00e8 Enzo Pergolizzi, Giovanni Lanza, Enrico Olivieri, Lorenzo Guarnera, un certo De Francesco, di cui non ricordo il nome ma \u00e8 carcerato al Pagliarelli, figlio di Natale De Francesco, poi c\u2019\u00e8 Sandro Mangano, Filippo Tropea, un tale Lorenzo, poi c\u2019\u00e8 <\/span><\/span><\/span><\/span><span style=\"color: #252525\"><span style=\"font-family: Arial, Helvetica Neue, Helvetica, sans-serif\"><span style=\"font-size: large\"><span lang=\"it-IT\"><b>Pippo Capurro<\/b><\/span><\/span><\/span><\/span><span style=\"color: #252525\"><span style=\"font-family: Arial, Helvetica Neue, Helvetica, sans-serif\"><span style=\"font-size: medium\"><span lang=\"it-IT\">\u201d<\/span><\/span><\/span><\/span><span style=\"color: #252525\"><span style=\"font-family: Arial, Helvetica Neue, Helvetica, sans-serif\"><span style=\"font-size: large\"><span lang=\"it-IT\">. -\u201cChi?\u201d. \u00c8 incredulo il pm Liliana Todaro quando il collaboratore di giustizia Vincenzo Nunnari fa proprio quel nome mentre sta stilando l&#8217;elenco degli affiliati al clan Ventura di Camaro. &#8211; \u201cS\u00ec e Pippo Capurro, ex consigliere comunale\u201d, continua il collaboratore di giustizia, aggiungendo poi: \u201cS\u00ec, cu iddi affiliatu, cu iddu era\u201d. Le dichiarazioni rilasciate da Nunnari ai pm Todaro e Monaco lo scorso 27 settembre presso il carcere di Bicocca di Catania nell&#8217;ambito delle fasi finali del processo di primo grado \u201cMatassa\u201d sono davvero scottanti: il consigliere comunale di Forza Italia subentrato recentemente a Pippo Trischitta sarebbe stato affiliato al clan Ventura.<\/span><\/span><\/span><\/span><\/span><br \/>\n<strong><span style=\"color: #252525\">\u201c<\/span><\/strong><span style=\"color: #252525\"><span style=\"font-family: Arial, Helvetica Neue, Helvetica, sans-serif\"><span style=\"font-size: large\"><span lang=\"it-IT\"><b>Una semplice riproposizione di accuse gi\u00e0 fatte\u201d.<\/b><\/span><\/span><\/span><\/span><span style=\"color: #252525\"><span style=\"font-family: Arial, Helvetica Neue, Helvetica, sans-serif\"><span style=\"font-size: large\"><span lang=\"it-IT\"> Si mostra abbastanza tranquillo il legale di Capurro, Nino Cacia, sottolineando che Nunnari non ha aggiunto nulla di nuovo rispetto a quanto gi\u00e0 dichiarato in passato da Francesco Comand\u00e8: \u201cIn assenza di ulteriori elementi, &#8211; spiega Cacia &#8211; il presunto coinvolgimento al clan Ventura costituisce una mera riproposizione di accuse gi\u00e0 fatte da Comand\u00e9 per il quale \u00e8 intervenuta un\u2019ordinanza del Tdl e successivamente alla quale la procura non ha poi contestato pi\u00f9 n\u00e9 l\u2019associazione mafiosa n\u00e9 lo scambio elettorale politico-mafioso\u201d. Infatti, al momento Capurro \u00e8 soltanto accusato di corruzione elettorale per le amministrative del 2013.<\/span><\/span><\/span><\/span><div id=\"div-gpt-ad-Messinaoggi.it-DSK-300x250-corpoart\" style=\"text-align:center;margin:0 auto;\"><\/div><\/p>\n<div id=\"videoincontent\" style=\"clear:both\";><\/div>","protected":false},"excerpt":{"rendered":"<p>-\u201cAllora, oltre Marcello Tavilla, c\u2019\u00e8 Enzo Pergolizzi, Giovanni Lanza, Enrico Olivieri, Lorenzo Guarnera, un certo De Francesco, di cui non ricordo il nome ma \u00e8 carcerato al Pagliarelli, figlio di Natale De Francesco, poi c\u2019\u00e8 Sandro Mangano, Filippo Tropea, un tale Lorenzo, poi c\u2019\u00e8 Pippo Capurro\u201d. -\u201cChi?\u201d. \u00c8 incredulo il pm Liliana Todaro quando il [&hellip;]<\/p>\n","protected":false},"author":8,"featured_media":20014,"comment_status":"closed","ping_status":"open","sticky":false,"template":"","format":"standard","meta":{"ub_ctt_via":"","_mi_skip_tracking":false},"categories":[6],"tags":[],"featured_image_src":"https:\/\/www.messinaoggi.it\/website\/wp-content\/uploads\/2018\/05\/giustizia-aula-tribunale-2-1.jpg","author_info":{"display_name":"red..me","author_link":"https:\/\/www.messinaoggi.it\/website\/author\/redstage\/"},"digistream_id":0,"digistream":false,"_links":{"self":[{"href":"https:\/\/www.messinaoggi.it\/website\/wp-json\/wp\/v2\/posts\/20003"}],"collection":[{"href":"https:\/\/www.messinaoggi.it\/website\/wp-json\/wp\/v2\/posts"}],"about":[{"href":"https:\/\/www.messinaoggi.it\/website\/wp-json\/wp\/v2\/types\/post"}],"author":[{"embeddable":true,"href":"https:\/\/www.messinaoggi.it\/website\/wp-json\/wp\/v2\/users\/8"}],"replies":[{"embeddable":true,"href":"https:\/\/www.messinaoggi.it\/website\/wp-json\/wp\/v2\/comments?post=20003"}],"version-history":[{"count":0,"href":"https:\/\/www.messinaoggi.it\/website\/wp-json\/wp\/v2\/posts\/20003\/revisions"}],"wp:featuredmedia":[{"embeddable":true,"href":"https:\/\/www.messinaoggi.it\/website\/wp-json\/wp\/v2\/media\/20014"}],"wp:attachment":[{"href":"https:\/\/www.messinaoggi.it\/website\/wp-json\/wp\/v2\/media?parent=20003"}],"wp:term":[{"taxonomy":"category","embeddable":true,"href":"https:\/\/www.messinaoggi.it\/website\/wp-json\/wp\/v2\/categories?post=20003"},{"taxonomy":"post_tag","embeddable":true,"href":"https:\/\/www.messinaoggi.it\/website\/wp-json\/wp\/v2\/tags?post=20003"}],"curies":[{"name":"wp","href":"https:\/\/api.w.org\/{rel}","templated":true}]}}