{"id":20000,"date":"2018-05-30T00:03:51","date_gmt":"2018-05-29T22:03:51","guid":{"rendered":"http:\/\/www.messinaoggi.it\/website\/?p=20000"},"modified":"2018-05-30T00:03:51","modified_gmt":"2018-05-29T22:03:51","slug":"eleme-la-barrile-presenta-il-quinto-assessore-samuele-costa","status":"publish","type":"post","link":"https:\/\/www.messinaoggi.it\/website\/2018\/05\/30\/eleme-la-barrile-presenta-il-quinto-assessore-samuele-costa\/","title":{"rendered":"EleMe, la Barrile presenta il quinto assessore: Samuele Costa"},"content":{"rendered":"<p style=\"text-align: justify\">Emilia Barrile riparte dal Consiglio Comunale, da quell\u2019aula che ha presieduto in questi ultimi 5 anni, spesso alzando la voce verso un\u2019amministrazione specializzata del presentare atti all\u2019ultimo momento. La candidata sindaco della lista Leali presenta la squadra di assessori e lo fa a modo suo: <em>\u201cSiamo qui perch\u00e9 siamo amici, legati da valori e progetti comuni. E un desiderio, quello di vedere diventare Messina una citt\u00e0 normale\u201d.<\/em> Ufficializzato anche il volto del quinto assessore designato, che si unisce a quelli gi\u00e0 ufficializzati le scorse settimane di Nico Cannav\u00f3 (commercialista e revisore dei conti), gli avvocati Elena Belviso e Fabrizio Palmieri e l\u2019ingegnere Salvatore Russo. Si tratta del venticinquenne Samuele Costa, studente universitario prossimo alla laurea magistrale.<div id=\"div-gpt-ad-Messinaoggi.it-DSK-300x250-corpoart\" style=\"text-align:center;margin:0 auto;\"><\/div><\/p>\n<p style=\"text-align: justify\">Una figura che la stessa Barrile presenta cos\u00ec: \u201cQu<em>alcuno dice che amicizia e politica sono due cose diverse, io non riesco a vedere questa differenza. Quando dei valori fondamentali ci accomunano non possiamo che fondere i diversi piani. Per questa ragione \u2013 prosegue &#8211; abbiamo scelto di correre insieme per far vita a questa esperienza che non si riterr\u00e0 conclusa certo il 10 giugno, quale che sar\u00e0 l\u2019esito delle votazioni\u201d.<\/em> Largo spazio ai giovani, dunque, nell\u2019eventuale Giunta Barrile, \u00a0doveCosta avrebbe la delega assessoriale precisa e una consulta dedicata. E ancora servizi sociali, partecipate, decoro urbano e piano di riequilibrio tra i temi affrontati.<div id=\"videoincontent\" style=\"clear:both\";><\/div><\/p>\n<p style=\"text-align: justify\">Tornando al caso Tirrenoambiente, la Barrile ha annunciato di \u201cavere intenzione di convocare nuovamente l\u2019aula per discutere l\u2019urgente situazione della societ\u00e0\u201d.\u00a0 Per quanto riguarda \u00a0Samuele Costa, 25enne messinese (classe 1993), c\u2019\u00e8 da evidenziare una Laurea triennale con 110 e lode in \u201cTecniche di laboratorio biomedico\u201d, attualmente impegnato nella Magistrale in \u201cBiotecnologie mediche per la Salute\u201d. Ai tempi del Liceo (Seguenza) \u00e8 stato Rappresentante della Consulta giovanile provinciale per 2 anni, nonch\u00e9 Rappresentante d\u2019Istituto ad interim. \u00c8 stato operativo anche in ambito universitario: Rappresentante degli studenti del suo corso di laurea e, inoltre, per due anni Consigliere universitario, risultando il messinese pi\u00f9 votato nel suo dipartimento. Associazionismo universitario: prima Mea Civitas, poi Messina Giovane. Grande amore per il calcio: dopo aver svolto in passato tutta la trafila nel settore giovanile del Messina, adesso gioca a livello dilettantistico per passione.<\/p>\n<p style=\"text-align: justify\"><em>\u201cPer queste Amministrative in tanti mi hanno chiesto di candidarmi, di metetrmi in gioco in prima persona \u2013 ha dichiarato Costa &#8211; \u00a0ma avevo detto no sulla scorta del generale senso di sfiducia che avevo sviluppato nei confronti della politica. Alla proposta di Emilia, invece, ho aderito con entusiasmo perch\u00e9 c\u2019\u00e8 un Progetto per Messina fatto di cose concrete, con l\u2019opportunit\u00e0 di cambiare qualcosa, soprattutto per noi ragazzi. A differenza di tanti miei amici, io sono rimasto qui perch\u00e9 credo in Messina, la citt\u00e0 nella quale sono nato, cresciuto e punto a rimanere\u201d.<\/em><\/p>\n","protected":false},"excerpt":{"rendered":"<p>Emilia Barrile riparte dal Consiglio Comunale, da quell\u2019aula che ha presieduto in questi ultimi 5 anni, spesso alzando la voce verso un\u2019amministrazione specializzata del presentare atti all\u2019ultimo momento. La candidata sindaco della lista Leali presenta la squadra di assessori e lo fa a modo suo: \u201cSiamo qui perch\u00e9 siamo amici, legati da valori e progetti [&hellip;]<\/p>\n","protected":false},"author":14,"featured_media":20001,"comment_status":"closed","ping_status":"open","sticky":false,"template":"","format":"standard","meta":{"ub_ctt_via":"","_mi_skip_tracking":false},"categories":[6],"tags":[],"featured_image_src":"https:\/\/www.messinaoggi.it\/website\/wp-content\/uploads\/2018\/05\/emilia-1.jpg","author_info":{"display_name":"Antonio Macauda","author_link":"https:\/\/www.messinaoggi.it\/website\/author\/a-macauda\/"},"digistream_id":0,"digistream":false,"_links":{"self":[{"href":"https:\/\/www.messinaoggi.it\/website\/wp-json\/wp\/v2\/posts\/20000"}],"collection":[{"href":"https:\/\/www.messinaoggi.it\/website\/wp-json\/wp\/v2\/posts"}],"about":[{"href":"https:\/\/www.messinaoggi.it\/website\/wp-json\/wp\/v2\/types\/post"}],"author":[{"embeddable":true,"href":"https:\/\/www.messinaoggi.it\/website\/wp-json\/wp\/v2\/users\/14"}],"replies":[{"embeddable":true,"href":"https:\/\/www.messinaoggi.it\/website\/wp-json\/wp\/v2\/comments?post=20000"}],"version-history":[{"count":0,"href":"https:\/\/www.messinaoggi.it\/website\/wp-json\/wp\/v2\/posts\/20000\/revisions"}],"wp:featuredmedia":[{"embeddable":true,"href":"https:\/\/www.messinaoggi.it\/website\/wp-json\/wp\/v2\/media\/20001"}],"wp:attachment":[{"href":"https:\/\/www.messinaoggi.it\/website\/wp-json\/wp\/v2\/media?parent=20000"}],"wp:term":[{"taxonomy":"category","embeddable":true,"href":"https:\/\/www.messinaoggi.it\/website\/wp-json\/wp\/v2\/categories?post=20000"},{"taxonomy":"post_tag","embeddable":true,"href":"https:\/\/www.messinaoggi.it\/website\/wp-json\/wp\/v2\/tags?post=20000"}],"curies":[{"name":"wp","href":"https:\/\/api.w.org\/{rel}","templated":true}]}}