{"id":19997,"date":"2018-05-29T14:44:39","date_gmt":"2018-05-29T12:44:39","guid":{"rendered":"http:\/\/www.messinaoggi.it\/website\/?p=19997"},"modified":"2018-05-29T14:44:39","modified_gmt":"2018-05-29T12:44:39","slug":"eleme-de-luca-sulle-periferie-sono-abbandonate-e-una-vergona","status":"publish","type":"post","link":"https:\/\/www.messinaoggi.it\/website\/2018\/05\/29\/eleme-de-luca-sulle-periferie-sono-abbandonate-e-una-vergona\/","title":{"rendered":"EleMe, De Luca sulle periferie: &quot;Sono abbandonate, \u00e8 una vergogna&quot;"},"content":{"rendered":"<p style=\"text-align: justify;\"><em>\u201cDurante il mio tour tra i quartieri mi sono reso conto dell\u2019assoluta situazione di degrado nella quale sono costretti a vivere i nostri concittadini. \u00a0L&#8217;edilizia popolare incontrollata ha creato macelleria sociale,\u00a0con quartieri ad alta densit\u00e0 criminale, pochi servizi e nessuna opportunit\u00e0 per i giovani. Il nostro obiettivo \u00e8 operare per una rigenerazione urbana, sociale e \u00a0culturale di questi territori, attraverso la creazione di centri di aggregazione, aree attrezzate e aree a verde, centri polifunzionali e corsi di formazione per i giovani<\/em>\u201d.<div id=\"div-gpt-ad-Messinaoggi.it-DSK-300x250-corpoart\" style=\"text-align:center;margin:0 auto;\"><\/div><\/p>\n<p style=\"text-align: justify;\">A dirlo l\u2019on. Cateno De Luca che oggi proseguir\u00e0 il suo tour partendo alle 17.30 con un comizio\u00a0 nel rione di Catarratti alle 17.30 e concludendo con un comizio alle 19 nel villaggio di Camaro San Paolo . \u201c<em>Si deve partire con la rigenerazione urbana per i pi\u00f9 piccoli \u2013 prosegue De Luca \u2013 quindi punteremo sulla riqualificazione di aree giochi per bambini gi\u00e0 esistenti con la realizzazione servizio di controllo. \u00c8 prevista inoltre la realizzazione di 5 nuove aree attrezzate in zone di propriet\u00e0 della citt\u00e0 metropolitana con particolare attenzione alle periferie. Si devono valorizzare i giovani \u00a0con l\u2019obiettivo di aiutarli a rimettersi in gioco e a reinserirsi nel tessuto socio-economico attraverso corsi di formazione. I partecipanti prenderanno parte a degli incontri in aula, finalizzati a far emergere e riconoscere le proprie risorse e a definire un obiettivo personale di medio-lungo periodo dal quale partire per costruire un progetto che porter\u00e0 al miglioramento della propria situazione socio-economica. Si dovr\u00e0 includere l\u2019orientamento professionale e le misure di supporto per i giovani alla ricerca di un primo lavoro nei programmi d\u2019azione delle strutture pubbliche specializzate nell\u2019animazione giovanile e nel lavoro associativo all\u2019interno delle comunit\u00e0 e degli istituti di insegnamento formale (workshop per ricercare informazioni sui posti di lavoro, assistenza per la preparazione di un CV, tecniche per affrontare un colloquio di lavoro, etc&#8230;). Sar\u00e0 essenziale anche \u00a0facilitare l\u2019accesso dei giovani al micro-finanziamento e ai sistemi di credito cooperativo, migliorando in tal modo le condizioni per favorire l\u2019imprenditorialit\u00e0 e l\u2019impresa sociale dei giovani<\/em>\u201d. \u201c<em>Come gi\u00e0 detto \u2013 conclude De Luca &#8211; poi nell\u2019ambito delle politiche attive per il lavoro sar\u00e0 definito un partenariato pubblico privato per l\u2019avvio di mille tirocini formativi all\u2019anno per tre anni: un piano straordinario destinato per i giovani disoccupati che preveda l\u2019inserimento in tutti i settori produttivi di mille giovani mediante il percorso dei tirocini formativi. Il primo anno al giovane sar\u00e0 garantito una indennit\u00e0 a carico dell\u2019azienda di 300 euro al mese per dodici mesi e l\u2019azienda non verser\u00e0 contributi per come previsto dalle normative di settore. Completato il tirocinio formativo scatter\u00e0 il piano di inserimento comunale per i tre anni successivi. A seguito di una puntuale concertazione con le organizzazioni sindacali e le organizzazioni datoriali e degli industriali saranno istituiti i piani di inserimento comunale: saranno messi a disposizione 10 milioni di euro l\u2019anno da destinare alle aziende che assumono a tempo indeterminato i giovani al completeranno, con esito positivo, dei tirocini formativi. Tale misura prevede un contributo biennale a carico del bilancio comunale di 500 euro il primo anno e 300 euro il secondo anno per mille giovani messinesi all\u2019anno che saranno assunti a tempo indeterminato.\u201d<\/em><div id=\"videoincontent\" style=\"clear:both\";><\/div><\/p>\n<p><em>\u00a0<\/em><\/p>\n","protected":false},"excerpt":{"rendered":"<p>\u201cDurante il mio tour tra i quartieri mi sono reso conto dell\u2019assoluta situazione di degrado nella quale sono costretti a vivere i nostri concittadini. \u00a0L&#8217;edilizia popolare incontrollata ha creato macelleria sociale,\u00a0con quartieri ad alta densit\u00e0 criminale, pochi servizi e nessuna opportunit\u00e0 per i giovani. Il nostro obiettivo \u00e8 operare per una rigenerazione urbana, sociale e [&hellip;]<\/p>\n","protected":false},"author":15,"featured_media":16474,"comment_status":"closed","ping_status":"open","sticky":false,"template":"","format":"standard","meta":{"ub_ctt_via":"","_mi_skip_tracking":false},"categories":[6],"tags":[],"featured_image_src":"https:\/\/www.messinaoggi.it\/website\/wp-content\/uploads\/2018\/03\/conf-de-luca-RRP_5480-1.jpg","author_info":{"display_name":"red.me","author_link":"https:\/\/www.messinaoggi.it\/website\/author\/red-me\/"},"digistream_id":0,"digistream":false,"_links":{"self":[{"href":"https:\/\/www.messinaoggi.it\/website\/wp-json\/wp\/v2\/posts\/19997"}],"collection":[{"href":"https:\/\/www.messinaoggi.it\/website\/wp-json\/wp\/v2\/posts"}],"about":[{"href":"https:\/\/www.messinaoggi.it\/website\/wp-json\/wp\/v2\/types\/post"}],"author":[{"embeddable":true,"href":"https:\/\/www.messinaoggi.it\/website\/wp-json\/wp\/v2\/users\/15"}],"replies":[{"embeddable":true,"href":"https:\/\/www.messinaoggi.it\/website\/wp-json\/wp\/v2\/comments?post=19997"}],"version-history":[{"count":0,"href":"https:\/\/www.messinaoggi.it\/website\/wp-json\/wp\/v2\/posts\/19997\/revisions"}],"wp:featuredmedia":[{"embeddable":true,"href":"https:\/\/www.messinaoggi.it\/website\/wp-json\/wp\/v2\/media\/16474"}],"wp:attachment":[{"href":"https:\/\/www.messinaoggi.it\/website\/wp-json\/wp\/v2\/media?parent=19997"}],"wp:term":[{"taxonomy":"category","embeddable":true,"href":"https:\/\/www.messinaoggi.it\/website\/wp-json\/wp\/v2\/categories?post=19997"},{"taxonomy":"post_tag","embeddable":true,"href":"https:\/\/www.messinaoggi.it\/website\/wp-json\/wp\/v2\/tags?post=19997"}],"curies":[{"name":"wp","href":"https:\/\/api.w.org\/{rel}","templated":true}]}}