{"id":199969,"date":"2024-06-02T12:08:03","date_gmt":"2024-06-02T10:08:03","guid":{"rendered":"https:\/\/www.messinaoggi.it\/website\/2024\/06\/02\/fontana-ricordare-radici-e-valori-di-liberta-e-democrazia\/"},"modified":"2024-06-02T12:08:03","modified_gmt":"2024-06-02T10:08:03","slug":"fontana-ricordare-radici-e-valori-di-liberta-e-democrazia","status":"publish","type":"post","link":"https:\/\/www.messinaoggi.it\/website\/2024\/06\/02\/fontana-ricordare-radici-e-valori-di-liberta-e-democrazia\/","title":{"rendered":"Fontana \u201cRicordare radici e valori di libert\u00e0 e democrazia\u201d"},"content":{"rendered":"<div>ROMA (ITALPRESS) &#8211; &#8220;La Festa della Repubblica ci porta alle radici di una storia di 78 anni, che nasce dalla partecipazione di cittadini e cittadine, dalla speranza e dalla voglia di ricominciare, e ricostruire, dopo la liberazione dal nazifascismo e la fine della guerra. Guida in questo cammino \u00e8 stata, ed \u00e8, la Costituzione, di cui abbiamo celebrato l&#8217;anno scorso i 75 anni. Il 2 Giugno rappresenta inoltre l&#8217;occasione per tornare a esprimere la pi\u00f9 sentita riconoscenza a chi ha dato la vita per la libert\u00e0 e la democrazia e a chi ne ha difeso e continua a difendere i valori. L&#8217;auspicio \u00e8 che il loro esempio possa essere faro per le nuove generazioni&#8221;. Lo dichiara il Presidente della Camera dei deputati, Lorenzo Fontana.<br \/>&#8211; foto Agenzia Fotogramma &#8211;<br \/>(ITALPRESS).<\/div>\n<div id=\"div-gpt-ad-Messinaoggi.it-DSK-300x250-corpoart\" style=\"text-align:center;margin:0 auto;\"><\/div><\/p><div id=\"videoincontent\" style=\"clear:both\";><\/div>","protected":false},"excerpt":{"rendered":"<p>ROMA (ITALPRESS) &#8211; &#8220;La Festa della Repubblica ci porta alle radici di una storia di 78 anni, che nasce dalla partecipazione di cittadini e cittadine, dalla speranza e dalla voglia di ricominciare, e ricostruire, dopo la liberazione dal nazifascismo e la fine della guerra. Guida in questo cammino \u00e8 stata, ed \u00e8, la Costituzione, di [&hellip;]<\/p>\n","protected":false},"author":18,"featured_media":199970,"comment_status":"closed","ping_status":"closed","sticky":false,"template":"","format":"standard","meta":{"ub_ctt_via":"","_mi_skip_tracking":false},"categories":[446],"tags":[783],"featured_image_src":"https:\/\/www.messinaoggi.it\/website\/wp-content\/uploads\/2024\/06\/20240602_0064.jpg","author_info":{"display_name":"Admin","author_link":"https:\/\/www.messinaoggi.it\/website\/author\/admin\/"},"digistream_id":0,"digistream":false,"_links":{"self":[{"href":"https:\/\/www.messinaoggi.it\/website\/wp-json\/wp\/v2\/posts\/199969"}],"collection":[{"href":"https:\/\/www.messinaoggi.it\/website\/wp-json\/wp\/v2\/posts"}],"about":[{"href":"https:\/\/www.messinaoggi.it\/website\/wp-json\/wp\/v2\/types\/post"}],"author":[{"embeddable":true,"href":"https:\/\/www.messinaoggi.it\/website\/wp-json\/wp\/v2\/users\/18"}],"replies":[{"embeddable":true,"href":"https:\/\/www.messinaoggi.it\/website\/wp-json\/wp\/v2\/comments?post=199969"}],"version-history":[{"count":0,"href":"https:\/\/www.messinaoggi.it\/website\/wp-json\/wp\/v2\/posts\/199969\/revisions"}],"wp:featuredmedia":[{"embeddable":true,"href":"https:\/\/www.messinaoggi.it\/website\/wp-json\/wp\/v2\/media\/199970"}],"wp:attachment":[{"href":"https:\/\/www.messinaoggi.it\/website\/wp-json\/wp\/v2\/media?parent=199969"}],"wp:term":[{"taxonomy":"category","embeddable":true,"href":"https:\/\/www.messinaoggi.it\/website\/wp-json\/wp\/v2\/categories?post=199969"},{"taxonomy":"post_tag","embeddable":true,"href":"https:\/\/www.messinaoggi.it\/website\/wp-json\/wp\/v2\/tags?post=199969"}],"curies":[{"name":"wp","href":"https:\/\/api.w.org\/{rel}","templated":true}]}}