{"id":199967,"date":"2024-06-02T12:08:01","date_gmt":"2024-06-02T10:08:01","guid":{"rendered":"https:\/\/www.messinaoggi.it\/website\/2024\/06\/02\/casellati-avanti-sul-premierato-nessun-pericolo-di-deriva-autoritaria\/"},"modified":"2024-06-02T12:08:01","modified_gmt":"2024-06-02T10:08:01","slug":"casellati-avanti-sul-premierato-nessun-pericolo-di-deriva-autoritaria","status":"publish","type":"post","link":"https:\/\/www.messinaoggi.it\/website\/2024\/06\/02\/casellati-avanti-sul-premierato-nessun-pericolo-di-deriva-autoritaria\/","title":{"rendered":"Casellati \u201cAvanti sul premierato, nessun pericolo di deriva autoritaria\u201d"},"content":{"rendered":"<div>ROMA (ITALPRESS) &#8211; &#8220;Ho atteso un anno prima di presentare il testo della riforma per aprirmi al confronto con tutti e prioritariamente con le opposizioni. Ho rinunciato all&#8217;elezione diretta del capo dello Stato, prevista dal nostro programma, virando verso il premierato per andare incontro alla richiesta delle minoranze. Io ho fatto la mia parte, ma dialogo \u00e8 contribuire alla costruzione di un progetto, non presentare 3.250 emendamenti ostruzionistici in Aula e 2.600 in Commissione. Uno schiaffo alla Costituzione. Saranno comunque gli italiani a decidere&#8221;. Cos\u00ec, in merito alla riforma del premierato, il ministro Elisabetta Casellati, in una intervista al Corriere della Sera. <br \/>&#8220;L&#8217;offesa non fa parte del mio stile &#8211; aggiunge il ministro delle Riforme di FI, in merito allo scontro in Aula con il capogruppo di Iv, Borghi -. La dialettica politica non pu\u00f2 mai far venir meno il rispetto personale e istituzionale, che invece in pi\u00f9 occasioni ha fatto mancare nei miei confronti il senatore Borghi. Le plurime contestazioni riguardavano, per i senatori a vita, il termine &#8216;eliminar\u00e8 che ho usato nel mio intervento. Con il gesto della mano ho accompagnato la frase &#8216;eliminazione dell&#8217;istitut\u00f2 e non altro. Attendo il riscontro del video, della lettura del labiale insieme alle scuse&#8221;. E facendo riferimento alla sinistra, che oggi manifester\u00e0 per la Repubblica e contro il premierato., commenta: &#8220;Alla faccia del dialogo. Manifestare in una giornata simbolo di un&#8217;Italia unita nei valori della libert\u00e0 e della democrazia fa orrore. Il 2 giugno del 1946 i giornali, con la scelta della Repubblica, titolavano sul diritto sovrano del popolo a decidere dei propri destini. Dopo 76 anni dalla Costituzione non si pu\u00f2 accettare l&#8217;idea che gli elettori non siano maturi per scegliere non solo i loro rappresentanti, ma anche chi li governer\u00e0. Con la riforma il Parlamento rester\u00e0 centrale perch\u00e8 manterr\u00e0 il potere pi\u00f9 rilevante che \u00e8 quello di dare e revocare la fiducia al premier e quindi di &#8216;fare e disfar\u00e8 il governo. Come osserva il professor Barbera, attuale presidente della Corte costituzionale: &#8216;L&#8217;elezione diretta del premier \u00e8 quella pi\u00f9 in armonia con i poteri del Parlament\u00f2. Non c&#8217;\u00e8 quindi alcun pericolo di deriva autoritaria, di lacerazione del tessuto costituzionale, di rottura dell&#8217;ordine repubblicano. Chi evoca ancora il ritorno al fascismo, mi ricorda l&#8217;ultimo soldato giapponese che combatteva nelle Filippine non sapendo che la guerra era finita&#8221;. <br \/>Poi sui poteri per il Capo dello Stato e se avr\u00e0 un ruolo politico affievolito, non potendo pi\u00f9 sciogliere le Camere: &#8220;Nessun affievolimento &#8211; spiega &#8211; perch\u00e8 il presidente della Repubblica non ha alcun potere politico. E&#8217; super partes come garante dell&#8217;unit\u00e0 nazionale e dei valori costituzionali. Le sue prerogative non sono state toccate. Il presidente del Consiglio ha invece poteri di indirizzo politico. La riforma limita le occasioni in cui il Capo dello Stato era costretto a dilatare la &#8216;fisarmonic\u00e0 dei suoi poteri per supplire all&#8217;incapacit\u00e0 della politica. Per questo la riforma introduce una articolata regolamentazione di tutte le crisi di governo definendo le soluzioni possibili. Spetta ai partiti assumersi la responsabilit\u00e0 di fronteggiare le tensioni per porre il capo dello Stato al riparo dalle contingenze dell&#8217;agone politico&#8221;. E sulla nomina dei senatori a vita: &#8220;Nessuno contesta il prestigio che personalit\u00e0 autorevoli hanno dato al Senato &#8211; sottolinea -. L&#8217;abrogazione di questo istituto ha due ragioni: la prima dipende dalla volont\u00e0 di costruire il pi\u00f9 possibile su base elettiva tutti gli organi di rappresentanza; concetto sostenuto con forza dalle sinistre in Assemblea costituente. La seconda ragione \u00e8 dovuta al taglio dei parlamentari per cui la presenza dei senatori a vita potrebbe determinare uno squilibrio tra maggioranza e opposizione, come \u00e8 gi\u00e0 successo in passato&#8221;.<br \/>&#8220;Potremo disegnare la nuova legge elettorale solo dopo il passaggio del testo dal Senato alla Camera, quando avremo l&#8217;ossatura della riforma &#8211; aggiunge -. Parlare oggi di ballottaggio o di ogni altra ipotesi \u00e8 prematuro&#8221;. &#8220;Il premierato &#8211; tiene a precisare &#8211; \u00e8 una riforma per l&#8217;Italia, non per il centrodestra. Garantisce stabilit\u00e0, capacit\u00e0 per le famiglie e per le imprese di programmare il loro futuro, serve ad attrarre investimenti, d\u00e0 credibilit\u00e0 a livello internazionale. Se da 40 anni, da destra e da sinistra, si cerca di cambiare la forma di governo, vuol dire che il modello attuale non ha funzionato. &#8216;O la va o la spacc\u00e0 d\u00e0 la dimensione dell&#8217;importanza che la Meloni attribuisce al premierato non per s\u00e8 stessa, ma per il bene degli italiani&#8221;. &#8220;La volont\u00e0 riformatrice di un governo non si pu\u00f2 fermare di fronte alle crociate ideologiche &#8211; aggiunge -. Nel 2022 il centrodestra ha vinto con un programma chiaro. Condividere le riforme sarebbe importante, ma finora dall&#8217;opposizione abbiamo registrato solo &#8216;no a prescinder\u00e8. Se l&#8217;alternativa \u00e8 stare fermi e vivacchiare, allora \u00e8 meglio andare avanti da soli&#8221;.<br \/>&#8211; foto Agenzia Fotogramma &#8211;<br \/>(ITALPRESS).<\/div>\n<div id=\"div-gpt-ad-Messinaoggi.it-DSK-300x250-corpoart\" style=\"text-align:center;margin:0 auto;\"><\/div><\/p><div id=\"videoincontent\" style=\"clear:both\";><\/div>","protected":false},"excerpt":{"rendered":"<p>ROMA (ITALPRESS) &#8211; &#8220;Ho atteso un anno prima di presentare il testo della riforma per aprirmi al confronto con tutti e prioritariamente con le opposizioni. Ho rinunciato all&#8217;elezione diretta del capo dello Stato, prevista dal nostro programma, virando verso il premierato per andare incontro alla richiesta delle minoranze. Io ho fatto la mia parte, ma [&hellip;]<\/p>\n","protected":false},"author":18,"featured_media":0,"comment_status":"closed","ping_status":"closed","sticky":false,"template":"","format":"standard","meta":{"ub_ctt_via":"","_mi_skip_tracking":false},"categories":[446],"tags":[783],"featured_image_src":null,"author_info":{"display_name":"Admin","author_link":"https:\/\/www.messinaoggi.it\/website\/author\/admin\/"},"digistream_id":0,"digistream":false,"_links":{"self":[{"href":"https:\/\/www.messinaoggi.it\/website\/wp-json\/wp\/v2\/posts\/199967"}],"collection":[{"href":"https:\/\/www.messinaoggi.it\/website\/wp-json\/wp\/v2\/posts"}],"about":[{"href":"https:\/\/www.messinaoggi.it\/website\/wp-json\/wp\/v2\/types\/post"}],"author":[{"embeddable":true,"href":"https:\/\/www.messinaoggi.it\/website\/wp-json\/wp\/v2\/users\/18"}],"replies":[{"embeddable":true,"href":"https:\/\/www.messinaoggi.it\/website\/wp-json\/wp\/v2\/comments?post=199967"}],"version-history":[{"count":0,"href":"https:\/\/www.messinaoggi.it\/website\/wp-json\/wp\/v2\/posts\/199967\/revisions"}],"wp:attachment":[{"href":"https:\/\/www.messinaoggi.it\/website\/wp-json\/wp\/v2\/media?parent=199967"}],"wp:term":[{"taxonomy":"category","embeddable":true,"href":"https:\/\/www.messinaoggi.it\/website\/wp-json\/wp\/v2\/categories?post=199967"},{"taxonomy":"post_tag","embeddable":true,"href":"https:\/\/www.messinaoggi.it\/website\/wp-json\/wp\/v2\/tags?post=199967"}],"curies":[{"name":"wp","href":"https:\/\/api.w.org\/{rel}","templated":true}]}}