{"id":199959,"date":"2024-06-01T20:08:01","date_gmt":"2024-06-01T18:08:01","guid":{"rendered":"https:\/\/www.messinaoggi.it\/website\/2024\/06\/01\/ue-meloni-finita-stagione-dellitalia-col-piattino-in-mano\/"},"modified":"2024-06-01T20:08:01","modified_gmt":"2024-06-01T18:08:01","slug":"ue-meloni-finita-stagione-dellitalia-col-piattino-in-mano","status":"publish","type":"post","link":"https:\/\/www.messinaoggi.it\/website\/2024\/06\/01\/ue-meloni-finita-stagione-dellitalia-col-piattino-in-mano\/","title":{"rendered":"Ue, Meloni \u201cFinita stagione dell\u2019Italia col piattino in mano\u201d"},"content":{"rendered":"<div>ROMA (ITALPRESS) &#8211; &#8220;L&#8217;Italia non andr\u00e0 pi\u00f9 col piattino in mano in Europa. Quella stagione \u00e8 finita, l&#8217;8 e 9 giugno possiamo archiviare quella stagione. Con la sinistra non governeremo mai in Italia e in Europa&#8221;. Cos\u00ec la premier Giorgia Meloni, parlando dal palco della manifestazione di Fratelli d&#8217;Italia in piazza del Popolo a Roma. &#8220;La sinistra \u00e8 nervosa &#8211; aggiunge &#8211; perde lucidit\u00e0 e mostra rancore perch\u00e8 quando le nebbie della propaganda si diradano rimangono le verit\u00e0 e gli argomenti finiscono. Resta la disperata carta del racconto del mostro, non smetteranno. Ora il nuovo sport nazionale della sinistra \u00e8 dire che in Italia i diritti vengono compressi&#8221;.<br \/>-foto Agenzia Fotogramma &#8211;<br \/>(ITALPRESS).<\/div>\n<div id=\"div-gpt-ad-Messinaoggi.it-DSK-300x250-corpoart\" style=\"text-align:center;margin:0 auto;\"><\/div><\/p><div id=\"videoincontent\" style=\"clear:both\";><\/div>","protected":false},"excerpt":{"rendered":"<p>ROMA (ITALPRESS) &#8211; &#8220;L&#8217;Italia non andr\u00e0 pi\u00f9 col piattino in mano in Europa. Quella stagione \u00e8 finita, l&#8217;8 e 9 giugno possiamo archiviare quella stagione. Con la sinistra non governeremo mai in Italia e in Europa&#8221;. Cos\u00ec la premier Giorgia Meloni, parlando dal palco della manifestazione di Fratelli d&#8217;Italia in piazza del Popolo a Roma. [&hellip;]<\/p>\n","protected":false},"author":18,"featured_media":0,"comment_status":"closed","ping_status":"closed","sticky":false,"template":"","format":"standard","meta":{"ub_ctt_via":"","_mi_skip_tracking":false},"categories":[446],"tags":[783],"featured_image_src":null,"author_info":{"display_name":"Admin","author_link":"https:\/\/www.messinaoggi.it\/website\/author\/admin\/"},"digistream_id":0,"digistream":false,"_links":{"self":[{"href":"https:\/\/www.messinaoggi.it\/website\/wp-json\/wp\/v2\/posts\/199959"}],"collection":[{"href":"https:\/\/www.messinaoggi.it\/website\/wp-json\/wp\/v2\/posts"}],"about":[{"href":"https:\/\/www.messinaoggi.it\/website\/wp-json\/wp\/v2\/types\/post"}],"author":[{"embeddable":true,"href":"https:\/\/www.messinaoggi.it\/website\/wp-json\/wp\/v2\/users\/18"}],"replies":[{"embeddable":true,"href":"https:\/\/www.messinaoggi.it\/website\/wp-json\/wp\/v2\/comments?post=199959"}],"version-history":[{"count":0,"href":"https:\/\/www.messinaoggi.it\/website\/wp-json\/wp\/v2\/posts\/199959\/revisions"}],"wp:attachment":[{"href":"https:\/\/www.messinaoggi.it\/website\/wp-json\/wp\/v2\/media?parent=199959"}],"wp:term":[{"taxonomy":"category","embeddable":true,"href":"https:\/\/www.messinaoggi.it\/website\/wp-json\/wp\/v2\/categories?post=199959"},{"taxonomy":"post_tag","embeddable":true,"href":"https:\/\/www.messinaoggi.it\/website\/wp-json\/wp\/v2\/tags?post=199959"}],"curies":[{"name":"wp","href":"https:\/\/api.w.org\/{rel}","templated":true}]}}