{"id":199918,"date":"2024-06-01T12:08:02","date_gmt":"2024-06-01T10:08:02","guid":{"rendered":"https:\/\/www.messinaoggi.it\/website\/2024\/06\/01\/2-giugno-mattarella-fare-memoria-e-dovere-civico-e-motivo-riflessione\/"},"modified":"2024-06-01T12:08:02","modified_gmt":"2024-06-01T10:08:02","slug":"2-giugno-mattarella-fare-memoria-e-dovere-civico-e-motivo-riflessione","status":"publish","type":"post","link":"https:\/\/www.messinaoggi.it\/website\/2024\/06\/01\/2-giugno-mattarella-fare-memoria-e-dovere-civico-e-motivo-riflessione\/","title":{"rendered":"2 Giugno, Mattarella \u201cFare memoria \u00e8 dovere civico e motivo riflessione\u201d"},"content":{"rendered":"<div>ROMA (ITALPRESS) &#8211; Il Presidente della Repubblica, Sergio Mattarella, in occasione della ricorrenza della Festa della Repubblica, ha inviato un messaggio ai Prefetti italiani affinch\u00e8 se ne facciano interpreti nelle iniziative promosse a livello locale nella ricorrenza del 2 giugno. &#8220;Cari Prefetti, rivolgo il mio saluto a quanti ricoprono pubblici uffici, alle comunit\u00e0 locali, alle espressioni della societ\u00e0 che, nei diversi territori, celebrano la Festa Nazionale del 2 giugno.<br \/>\nNel 1946 la scelta del popolo italiano per la Repubblica scrisse una pagina decisiva di democrazia e pose le basi per un rinnovato patto sociale, che avrebbe trovato compiuta articolazione nella Carta costituzionale. Un esito al quale si giunse dopo i tragici eventi bellici e la lotta di Liberazione dal nazifascismo, costellata da molteplici episodi di eroismo, da eccidi efferati, di cui nel corso di quest&#8217;anno, con commossa partecipazione, viene commemorato l&#8217;ottantesimo anniversario in numerose localit\u00e0&#8221; scrive Mattarella. &#8220;Fare memoria del lascito ideale di quegli avvenimenti fondativi \u00e8 dovere civico e preziosa opportunit\u00e0 per riflettere insieme sulle ragioni che animano la vita della nostra collettivit\u00e0, inserita oggi nella pi\u00f9 ampia comunit\u00e0 dell&#8217;Unione Europea cui abbiamo deciso di dar vita con gli altri popoli liberi del continente e di cui consacreremo, tra pochi giorni, con l&#8217;elezione del Parlamento Europeo, la sovranit\u00e0 &#8211; aggiunge -. Fare memoria \u00e8 un esercizio proprio a ogni cittadino e soprattutto per quanti, esercitando pubbliche funzioni, trovano nei principi costituzionali di libert\u00e0, uguaglianza e solidariet\u00e0 una bussola di sicuro orientamento di fronte alle complesse sfide del presente&#8221;. &#8220;I Prefetti, in particolare, sono chiamati nei territori provinciali a essere, ogni giorno, perno di unit\u00e0 e di coesione sociale, incarnando, nei delicati ambiti affidati, la missione di instancabili &#8220;operatori della Costituzione&#8221;, adoperandosi per il bene comune.<br \/>\nE&#8217; un&#8217;azione che, insieme alle altre Istituzioni e alle diverse espressioni della societ\u00e0 civile, i Prefetti svolgono nella ricerca dell&#8217;interesse generale e per rinvenire adeguate soluzioni ai problemi delle comunit\u00e0, in una fase resa ancor pi\u00f9 ardua dall&#8217;aspro contesto internazionale&#8221; dice ancora il Capo dello Stato. &#8220;Dagli spazi di mediazione per la tutela dell&#8217;occupazione e per il superamento dei conflitti sociali, alla cura, con le amministrazioni locali, delle fasce pi\u00f9 deboli della popolazione, a percorsi efficaci di accoglienza e di integrazione dei migranti, si tratta di un lavoro prezioso a favore dell&#8217;unit\u00e0 del Paese e della sua coesione. Vale per la tutela delle libert\u00e0 dei cittadini nello svolgersi della vita quotidiana, per lo sviluppo di efficaci cornici di sicurezza per territori sempre pi\u00f9 sicuri e vivibili. Vale per la garanzia dell&#8217;esercizio del diritto di riunione e manifestazione. Con il contrasto alle spinte criminali, alla violenza e alla disgregazione, con la promozione, in particolare tra le giovani generazioni, della diffusione dei valori del rispetto della persona e del dialogo tra le distinte posizioni politiche, sociali, culturali, religiose, si affermano importanti testimonianze di devozione alla Repubblica e di senso dello Stato&#8221; chiosa Mattarella. &#8220;Quando vengono tessute proficue sinergie tra le Istituzioni locali e favoriti percorsi di raccordo tra il centro e i territori, quando &#8211; come avvenuto anche nei mesi scorsi &#8211; insieme vengono affrontati gli eventi emergenziali, quando gli enti locali sono sostenuti nel superamento dei momenti di crisi amministrativa e finanziaria, viene rinsaldata l&#8217;unit\u00e0 dell&#8217;edificio democratico, valorizzando il principio di autonomia nell&#8217;orizzonte della solidariet\u00e0. Nel rinnovare i sentimenti di gratitudine della Repubblica per l&#8217;opera prestata, rinnovo ai Prefetti e a tutti coloro che si adoperano per il bene della collettivit\u00e0 gli auguri di buon lavoro e di buona Festa, nell&#8217;auspicio che la ricorrenza del 2 giugno rafforzi la consapevolezza e l&#8217;orgoglio della partecipazione, prerogativa di ciascun cittadino&#8221; conclude.(ITALPRESS).<div id=\"div-gpt-ad-Messinaoggi.it-DSK-300x250-corpoart\" style=\"text-align:center;margin:0 auto;\"><\/div><\/p>\n<p>Foto: Agenzia Fotogramma<div id=\"videoincontent\" style=\"clear:both\";><\/div><\/p><\/div>\n","protected":false},"excerpt":{"rendered":"<p>ROMA (ITALPRESS) &#8211; Il Presidente della Repubblica, Sergio Mattarella, in occasione della ricorrenza della Festa della Repubblica, ha inviato un messaggio ai Prefetti italiani affinch\u00e8 se ne facciano interpreti nelle iniziative promosse a livello locale nella ricorrenza del 2 giugno. &#8220;Cari Prefetti, rivolgo il mio saluto a quanti ricoprono pubblici uffici, alle comunit\u00e0 locali, alle [&hellip;]<\/p>\n","protected":false},"author":18,"featured_media":0,"comment_status":"closed","ping_status":"closed","sticky":false,"template":"","format":"standard","meta":{"ub_ctt_via":"","_mi_skip_tracking":false},"categories":[446],"tags":[783],"featured_image_src":null,"author_info":{"display_name":"Admin","author_link":"https:\/\/www.messinaoggi.it\/website\/author\/admin\/"},"digistream_id":0,"digistream":false,"_links":{"self":[{"href":"https:\/\/www.messinaoggi.it\/website\/wp-json\/wp\/v2\/posts\/199918"}],"collection":[{"href":"https:\/\/www.messinaoggi.it\/website\/wp-json\/wp\/v2\/posts"}],"about":[{"href":"https:\/\/www.messinaoggi.it\/website\/wp-json\/wp\/v2\/types\/post"}],"author":[{"embeddable":true,"href":"https:\/\/www.messinaoggi.it\/website\/wp-json\/wp\/v2\/users\/18"}],"replies":[{"embeddable":true,"href":"https:\/\/www.messinaoggi.it\/website\/wp-json\/wp\/v2\/comments?post=199918"}],"version-history":[{"count":0,"href":"https:\/\/www.messinaoggi.it\/website\/wp-json\/wp\/v2\/posts\/199918\/revisions"}],"wp:attachment":[{"href":"https:\/\/www.messinaoggi.it\/website\/wp-json\/wp\/v2\/media?parent=199918"}],"wp:term":[{"taxonomy":"category","embeddable":true,"href":"https:\/\/www.messinaoggi.it\/website\/wp-json\/wp\/v2\/categories?post=199918"},{"taxonomy":"post_tag","embeddable":true,"href":"https:\/\/www.messinaoggi.it\/website\/wp-json\/wp\/v2\/tags?post=199918"}],"curies":[{"name":"wp","href":"https:\/\/api.w.org\/{rel}","templated":true}]}}