{"id":199856,"date":"2024-05-31T19:35:20","date_gmt":"2024-05-31T17:35:20","guid":{"rendered":"https:\/\/www.messinaoggi.it\/website\/2024\/05\/31\/salvini-il-fascismo-e-morto-e-sepolto-vannacci-sara-il-piu-votato\/"},"modified":"2024-05-31T19:35:20","modified_gmt":"2024-05-31T17:35:20","slug":"salvini-il-fascismo-e-morto-e-sepolto-vannacci-sara-il-piu-votato","status":"publish","type":"post","link":"https:\/\/www.messinaoggi.it\/website\/2024\/05\/31\/salvini-il-fascismo-e-morto-e-sepolto-vannacci-sara-il-piu-votato\/","title":{"rendered":"Salvini \u201cIl fascismo \u00e8 morto e sepolto, Vannacci sar\u00e0 il pi\u00f9 votato\u201d"},"content":{"rendered":"<div id=\"div-gpt-ad-Messinaoggi.it-DSK-300x250-corpoart\" style=\"text-align:center;margin:0 auto;\"><\/div><\/p><div id=\"videoincontent\" style=\"clear:both\";><\/div>","protected":false},"excerpt":{"rendered":"","protected":false},"author":16,"featured_media":199857,"comment_status":"open","ping_status":"open","sticky":false,"template":"","format":"standard","meta":{"ub_ctt_via":"","_mi_skip_tracking":false},"categories":[784,785],"tags":[783],"featured_image_src":"https:\/\/www.messinaoggi.it\/website\/wp-content\/uploads\/2024\/05\/rVk2.jpg","author_info":{"display_name":"Red Messina","author_link":"https:\/\/www.messinaoggi.it\/website\/author\/red-messina\/"},"digistream_id":0,"digistream":false,"_links":{"self":[{"href":"https:\/\/www.messinaoggi.it\/website\/wp-json\/wp\/v2\/posts\/199856"}],"collection":[{"href":"https:\/\/www.messinaoggi.it\/website\/wp-json\/wp\/v2\/posts"}],"about":[{"href":"https:\/\/www.messinaoggi.it\/website\/wp-json\/wp\/v2\/types\/post"}],"author":[{"embeddable":true,"href":"https:\/\/www.messinaoggi.it\/website\/wp-json\/wp\/v2\/users\/16"}],"replies":[{"embeddable":true,"href":"https:\/\/www.messinaoggi.it\/website\/wp-json\/wp\/v2\/comments?post=199856"}],"version-history":[{"count":0,"href":"https:\/\/www.messinaoggi.it\/website\/wp-json\/wp\/v2\/posts\/199856\/revisions"}],"wp:featuredmedia":[{"embeddable":true,"href":"https:\/\/www.messinaoggi.it\/website\/wp-json\/wp\/v2\/media\/199857"}],"wp:attachment":[{"href":"https:\/\/www.messinaoggi.it\/website\/wp-json\/wp\/v2\/media?parent=199856"}],"wp:term":[{"taxonomy":"category","embeddable":true,"href":"https:\/\/www.messinaoggi.it\/website\/wp-json\/wp\/v2\/categories?post=199856"},{"taxonomy":"post_tag","embeddable":true,"href":"https:\/\/www.messinaoggi.it\/website\/wp-json\/wp\/v2\/tags?post=199856"}],"curies":[{"name":"wp","href":"https:\/\/api.w.org\/{rel}","templated":true}]}}