{"id":199814,"date":"2024-05-31T18:08:05","date_gmt":"2024-05-31T16:08:05","guid":{"rendered":"https:\/\/www.messinaoggi.it\/website\/2024\/05\/31\/cafa-sviluppare-alta-formazione-nelle-piccole-e-medie-imprese\/"},"modified":"2024-05-31T18:08:05","modified_gmt":"2024-05-31T16:08:05","slug":"cafa-sviluppare-alta-formazione-nelle-piccole-e-medie-imprese","status":"publish","type":"post","link":"https:\/\/www.messinaoggi.it\/website\/2024\/05\/31\/cafa-sviluppare-alta-formazione-nelle-piccole-e-medie-imprese\/","title":{"rendered":"Caf\u00e0 \u201cSviluppare alta formazione nelle piccole e medie imprese\u201d"},"content":{"rendered":"<div>ROMA (ITALPRESS) &#8211; La formazione come stella polare per i lavoratori, nonch\u00e8 misura prioritaria per incentivare lo sviluppo aziendale: questo il punto centrale della riflessione di Andrea Caf\u00e0, presidente di Cifa Italia e Fonarcom, intervistato da Cesare Damiano per il Focus Lavoro&amp;Welfare dell&#8217;agenzia Italpress.<br \/>Il festival del Lavoro di Firenze \u00e8 stato per Caf\u00e0 un&#8217;occasione importante per presentare una serie di opportunit\u00e0 per il mondo delle piccole e medie imprese italiane: tra queste, racconta, spicca &#8220;il voucher relativo agli studi professionali, per dare la possibilit\u00e0 ai lavoratori di conciliare vita personale e professionale: \u00e8 un riconoscimento economico per i lavoratori dipendenti di aziende aderenti a Epar (Ente bilaterale paritetico, ndr), che arriva fino a mille euro per chi ha figli fino ai sei anni o familiari conviventi diversamente abili o con gravi problemi di salute. Non \u00e8 il primo voucher esistente di questa natura, ma \u00e8 unico nella quantit\u00e0 di risorse che si mettono in campo: rispetto ad altri enti bilaterali, Epar ha meno costi di gestione e pu\u00f2 offrire pi\u00f9 servizi ai lavoratori. Da tempo abbiamo avviato una contrattazione collettiva di qualit\u00e0 contro il dumping e sosteniamo le persone con misure reali ed effettive, tra cui questo stesso voucher&#8221;.<br \/>Accanto all&#8217;aiuto economico, per incentivare alla formazione \u00e8 fondamentale secondo Caf\u00e0 portare avanti un sistema che garantisca a tutti i lavoratori il medesimo accesso agli strumenti didattici e professionali: &#8220;Il nostro tessuto produttivo \u00e8 unico in Europa e nel mondo, perch\u00e8 abbiamo un numero altissimo di piccole e medie imprese: le grandi aziende possono fare formazione con risorse proprie e fondi interprofessionali, mentre quelle pi\u00f9 piccole non hanno queste possibilit\u00e0. L&#8217;ente bilaterale, in questo senso, ha dato vita a un contributo che va a finanziare al 100% le Academy&#8221;. Inoltre, spiega il numero uno di Cifa Italia, &#8220;abbiamo lanciato un consorzio che sviluppa alta formazione, oggi fondamentale nel panorama lavorativo. Il nostro paese \u00e8 fanalino di coda per persone che frequentano universit\u00e0 o corsi di alta formazione, ma questi non sono cos\u00ec facilmente accessibili: i prezzi dei Master spesso sono troppo alti, noi vogliamo sfruttare le nuove tecnologie di didattica a distanza per portare l&#8217;alta formazione in quella fascia di mercato del lavoro del settore privato che oggi \u00e8 pi\u00f9 lontana, sia per scarso interesse sia per difficolt\u00e0 ad accedervi. Il primo Master sar\u00e0 finalizzato a formare esperti di politiche attive, su cui siamo indietro rispetto ai paesi nordeuropei: mancano profili professionali adeguati e chi fa attivit\u00e0 di orientamento non ha le competenze necessarie. La cifra \u00e8 accessibile e il livello di qualit\u00e0 dell&#8217;insegnamento \u00e8 elevato&#8221;.<br \/>Caf\u00e0 si sofferma inoltre sul ruolo dell&#8217;intelligenza artificiale, sottolineando come &#8220;anche se sta impattando sul mercato del lavoro in termini di posti occupati non siamo preoccupati che possa generare un impatto negativo, perch\u00e8 se si trova il giusto equilibrio ogni azienda ne pu\u00f2 trarre benefici: l&#8217;Italia ha approvato il decreto legge sulla regolamentazione dell&#8217;intelligenza artificiale, ma c&#8217;\u00e8 secondo me il rischio che la norma arrivi in ritardo rispetto ai bisogni del momento e diventi obsoleta nel momento in cui entra in campo. Serve un accordo confederale, che sia trasversale per tutti i settori e miri alla tutela dei lavoratori: anche sull&#8217;intelligenza artificiale servono investimenti finalizzati a una formazione adeguata, per far capire quali sono i benefici e gli strumenti di tutela&#8221;.<div id=\"div-gpt-ad-Messinaoggi.it-DSK-300x250-corpoart\" style=\"text-align:center;margin:0 auto;\"><\/div><\/p>\n<p>&#8211; Foto Italpress &#8211;<div id=\"videoincontent\" style=\"clear:both\";><\/div><\/p>\n<p>(ITALPRESS).<\/p><\/div>\n","protected":false},"excerpt":{"rendered":"<p>ROMA (ITALPRESS) &#8211; La formazione come stella polare per i lavoratori, nonch\u00e8 misura prioritaria per incentivare lo sviluppo aziendale: questo il punto centrale della riflessione di Andrea Caf\u00e0, presidente di Cifa Italia e Fonarcom, intervistato da Cesare Damiano per il Focus Lavoro&amp;Welfare dell&#8217;agenzia Italpress.Il festival del Lavoro di Firenze \u00e8 stato per Caf\u00e0 un&#8217;occasione importante [&hellip;]<\/p>\n","protected":false},"author":18,"featured_media":199815,"comment_status":"closed","ping_status":"closed","sticky":false,"template":"","format":"standard","meta":{"ub_ctt_via":"","_mi_skip_tracking":false},"categories":[446],"tags":[783],"featured_image_src":"https:\/\/www.messinaoggi.it\/website\/wp-content\/uploads\/2024\/05\/20240531_0967.jpg","author_info":{"display_name":"Admin","author_link":"https:\/\/www.messinaoggi.it\/website\/author\/admin\/"},"digistream_id":0,"digistream":false,"_links":{"self":[{"href":"https:\/\/www.messinaoggi.it\/website\/wp-json\/wp\/v2\/posts\/199814"}],"collection":[{"href":"https:\/\/www.messinaoggi.it\/website\/wp-json\/wp\/v2\/posts"}],"about":[{"href":"https:\/\/www.messinaoggi.it\/website\/wp-json\/wp\/v2\/types\/post"}],"author":[{"embeddable":true,"href":"https:\/\/www.messinaoggi.it\/website\/wp-json\/wp\/v2\/users\/18"}],"replies":[{"embeddable":true,"href":"https:\/\/www.messinaoggi.it\/website\/wp-json\/wp\/v2\/comments?post=199814"}],"version-history":[{"count":0,"href":"https:\/\/www.messinaoggi.it\/website\/wp-json\/wp\/v2\/posts\/199814\/revisions"}],"wp:featuredmedia":[{"embeddable":true,"href":"https:\/\/www.messinaoggi.it\/website\/wp-json\/wp\/v2\/media\/199815"}],"wp:attachment":[{"href":"https:\/\/www.messinaoggi.it\/website\/wp-json\/wp\/v2\/media?parent=199814"}],"wp:term":[{"taxonomy":"category","embeddable":true,"href":"https:\/\/www.messinaoggi.it\/website\/wp-json\/wp\/v2\/categories?post=199814"},{"taxonomy":"post_tag","embeddable":true,"href":"https:\/\/www.messinaoggi.it\/website\/wp-json\/wp\/v2\/tags?post=199814"}],"curies":[{"name":"wp","href":"https:\/\/api.w.org\/{rel}","templated":true}]}}