{"id":199806,"date":"2024-05-31T16:08:09","date_gmt":"2024-05-31T14:08:09","guid":{"rendered":"https:\/\/www.messinaoggi.it\/website\/2024\/05\/31\/papanicolaou-a-capo-international-subsidiary-intesa-spmicciche-chairman\/"},"modified":"2024-05-31T16:08:09","modified_gmt":"2024-05-31T14:08:09","slug":"papanicolaou-a-capo-international-subsidiary-intesa-spmicciche-chairman","status":"publish","type":"post","link":"https:\/\/www.messinaoggi.it\/website\/2024\/05\/31\/papanicolaou-a-capo-international-subsidiary-intesa-spmicciche-chairman\/","title":{"rendered":"Papanicolaou a capo International Subsidiary Intesa Sp,Miccich\u00e8 Chairman"},"content":{"rendered":"<div>MILANO (ITALPRESS) &#8211; A seguito della nomina a direttore generale dell&#8217;ABI, Marco Elio Rottigni lascer\u00e0 il Gruppo alle fine del mese di giugno. Lo rende noto <a href=\"https:\/\/www.intesasanpaolo.com\/\">Intesa Sanpaolo<\/a> che &#8220;ringrazia Marco Elio Rottigni per il significativo contributo professionale portato al Gruppo, nel corso di una lunga e proficua esperienza in settori chiave della banca&#8221;.<br \/>\nLa responsabilit\u00e0 della divisione International Subsidiary Banks sar\u00e0 assunta, a partire dal primo luglio, da Paola Papanicolaou, attuale Deputy Head della Divisione.<br \/>\nLa nuova responsabile della divisione banche estere, Paola Papanicolaou, si legge in una nota della banca guidata da Carlo Messina, ha il profilo ideale per ricoprire l&#8217;incarico, grazie alla competenza maturata in importanti societ\u00e0 del Gruppo e nel campo dell&#8217;innovazione tecnologica. La nomina rappresenta la conferma della capacit\u00e0 di Intesa Sanpaolo di valorizzare i migliori talenti manageriali, puntando sulle risorse interne.<br \/>\nGaetano Miccich\u00e8, restando Chairman della Divisione IMI Corporate Investment Banking, \u00e8 nominato Chairman della Divisione International Subsidiary Banks, ruolo nel quale potr\u00e0 assicurare la propria esperienza e competenza maturata in posizioni di grande rilievo nel Gruppo.<br \/>\nSu impulso del Consigliere Delegato e CEO Carlo Messina, viene costituita la Cabina di Regia &#8220;Accelerazione sinergie international subsidiary banks&#8221; con il compito di facilitare il conseguimento di sinergie interdivisionali; la Cabina di Regia sar\u00e0 presieduta da Stefano Barrese, Capo della Divisione Banca dei Territori, e ne faranno parte: Luca Bocca, Tommaso Corcos, Gaetano Miccich\u00e8, Mauro Micillo, Cristina Motta, Paola Papanicolaou e Massimo Proverbio.<br \/>\nLa Cabina di Regia di nuova costituzione consentir\u00e0 alle banche del gruppo Intesa Sanpaolo, operanti a livello internazionale, di trarre crescente beneficio dalle migliori pratiche adottate dalla Banca dei Territori e dalla Divisione IMI CIB, realt\u00e0 di eccellenza nei rispettivi ambiti. Inoltre, troveranno ulteriore potenziamento i progetti di collaborazione nel settore del wealth management, tradizionale punto di forza di Intesa Sanpaolo.<br \/>\nLo sviluppo digitale e tecnologico sar\u00e0 potenziato nelle controllate estere, per operare a un livello sempre pi\u00f9 avanzato in tutti gli ambiti geografici di presenza del Gruppo.<br \/>\n-foto ufficio stampa Intesa Sanpaolo-<br \/>\n(ITALPRESS).<\/div>\n<div id=\"div-gpt-ad-Messinaoggi.it-DSK-300x250-corpoart\" style=\"text-align:center;margin:0 auto;\"><\/div><\/p><div id=\"videoincontent\" style=\"clear:both\";><\/div>","protected":false},"excerpt":{"rendered":"<p>MILANO (ITALPRESS) &#8211; A seguito della nomina a direttore generale dell&#8217;ABI, Marco Elio Rottigni lascer\u00e0 il Gruppo alle fine del mese di giugno. Lo rende noto Intesa Sanpaolo che &#8220;ringrazia Marco Elio Rottigni per il significativo contributo professionale portato al Gruppo, nel corso di una lunga e proficua esperienza in settori chiave della banca&#8221;. La [&hellip;]<\/p>\n","protected":false},"author":18,"featured_media":199807,"comment_status":"closed","ping_status":"closed","sticky":false,"template":"","format":"standard","meta":{"ub_ctt_via":"","_mi_skip_tracking":false},"categories":[446],"tags":[783],"featured_image_src":"https:\/\/www.messinaoggi.it\/website\/wp-content\/uploads\/2024\/05\/20240531_0870.jpg","author_info":{"display_name":"Admin","author_link":"https:\/\/www.messinaoggi.it\/website\/author\/admin\/"},"digistream_id":0,"digistream":false,"_links":{"self":[{"href":"https:\/\/www.messinaoggi.it\/website\/wp-json\/wp\/v2\/posts\/199806"}],"collection":[{"href":"https:\/\/www.messinaoggi.it\/website\/wp-json\/wp\/v2\/posts"}],"about":[{"href":"https:\/\/www.messinaoggi.it\/website\/wp-json\/wp\/v2\/types\/post"}],"author":[{"embeddable":true,"href":"https:\/\/www.messinaoggi.it\/website\/wp-json\/wp\/v2\/users\/18"}],"replies":[{"embeddable":true,"href":"https:\/\/www.messinaoggi.it\/website\/wp-json\/wp\/v2\/comments?post=199806"}],"version-history":[{"count":0,"href":"https:\/\/www.messinaoggi.it\/website\/wp-json\/wp\/v2\/posts\/199806\/revisions"}],"wp:featuredmedia":[{"embeddable":true,"href":"https:\/\/www.messinaoggi.it\/website\/wp-json\/wp\/v2\/media\/199807"}],"wp:attachment":[{"href":"https:\/\/www.messinaoggi.it\/website\/wp-json\/wp\/v2\/media?parent=199806"}],"wp:term":[{"taxonomy":"category","embeddable":true,"href":"https:\/\/www.messinaoggi.it\/website\/wp-json\/wp\/v2\/categories?post=199806"},{"taxonomy":"post_tag","embeddable":true,"href":"https:\/\/www.messinaoggi.it\/website\/wp-json\/wp\/v2\/tags?post=199806"}],"curies":[{"name":"wp","href":"https:\/\/api.w.org\/{rel}","templated":true}]}}