{"id":19980,"date":"2018-05-29T11:30:35","date_gmt":"2018-05-29T09:30:35","guid":{"rendered":"http:\/\/www.messinaoggi.it\/website\/?p=19980"},"modified":"2018-05-29T11:30:35","modified_gmt":"2018-05-29T09:30:35","slug":"inaugurazione-del-mondo-evanescente-di-rosa-rigano","status":"publish","type":"post","link":"https:\/\/www.messinaoggi.it\/website\/2018\/05\/29\/inaugurazione-del-mondo-evanescente-di-rosa-rigano\/","title":{"rendered":"Inaugurazione del Mondo evanescente di Rosa Rigano"},"content":{"rendered":"<p>Venerd\u00ec, alle ore 18.00 nell\u2019ambito del progetto \u201cOpera al Centro\u201d, curato da Giuseppe La Motta, sar\u00e0 inaugurato \u00a0presso \u00a0il Teatro Vittorio Emanuele il vernissage di Rosa Rigano dal titolo \u201cMondo Evanescente\u201d.<br \/>\nIl suo percorso artistico inizia \u00a0negli anni \u201950 e \u00a0immediatamente riceve grandi apprezzamenti di pubblico e di critica, la quale le conferisce ampi riconoscimenti \u00a0\u00a0tra i quali\u00a0 la Tavolozza d\u2019oro del \u201968, e al Premio Fuci del \u201969 una medaglia al meeting di Pompei del \u201971 e un\u2019altra medaglia al IV Trofeo di pittura de \u201cLa Stanza Letterari\u201d nel 1972.<br \/>\nTiene la sua prima personale alla galleria \u201cArte Centro\u201d di Enzo Celi, nel 1975, dove il figurativo \u00e8 ormai completamente abbandonato a favore di una pittura di oggetti indistinti e sfaldati, dalla varia conformazione. Appartiene a questi anni l\u2019esordio di uno dei suoi interessi prevalenti: la ricerca materica.\u00a0 \u00a0Lo stile che la caratterizza in questo momento \u00e8 considerato sfuggente, mobile, dotato di una certa \u201cambiguit\u00e0\u201d (Miligi, 1980).\u00a0 Tra gli anni \u201970 e \u201980 la sua attivit\u00e0 \u00e8 ricca di personali e collettive sul territorio siciliano e calabrese.<br \/>\nIl fermento espositivo \u00e8 anche il riflesso di nuove vene creative e interessi, come le sue ricerca intorno al corpo umano. Nel 1981 alla Galleria Il Grifone presenta una serie di crete, interpretate da Ferlazzo Natoli come una sorta di ritorno al figurativo (Ferlazzo Natoli, 1981).\u00a0 Segue un lungo periodo di pausa espositiva, che, in realt\u00e0, vede l\u2019artista lavorare ugualmente a nuove ricerche. Nel 1991 alla galleria l\u2019Astrolabio presenta quattro tele di grandi dimensioni, il cui tema \u00e8 la contrapposizione del Bene contro il Male. Opere figurative, le tele sono realizzate con linguaggi diversi che sono anche esito di due tecniche, una pi\u00f9 scarna e nervosa, l\u2019altra dalle pennellate morbide e luminose, esito di quella mobilit\u00e0 instancabile che caratterizza tutta la carriera di quest\u2019artista. Negli anni \u201990 la Rigano si dedica alla decorazione di mobili cui seguir\u00e0 un interesse per il vetro, nuovamente indagato secondo un interesse prevalentemente formale e non oggettivo, conferma della poetica in divenire di quest\u2019artista sperimentatrice instancabile<br \/>\nAll\u2019inaugurazione prenderanno parte il Presidente del Teatro di Messina, Luciano Fiorino e il Sovrintendente Egidio Bernava.<br \/>\nLa mostra potr\u00e0 essere visitata fino a marted\u00ec 13 giugno, dalle ore 10.00 alle ore 13.00 e dalle 16.30 alle 19.00, escluso il luned\u00ec.<br \/>\n <br \/>\n <br \/>\n <div id=\"div-gpt-ad-Messinaoggi.it-DSK-300x250-corpoart\" style=\"text-align:center;margin:0 auto;\"><\/div><\/p>\n<div id=\"videoincontent\" style=\"clear:both\";><\/div>","protected":false},"excerpt":{"rendered":"<p>Venerd\u00ec, alle ore 18.00 nell\u2019ambito del progetto \u201cOpera al Centro\u201d, curato da Giuseppe La Motta, sar\u00e0 inaugurato \u00a0presso \u00a0il Teatro Vittorio Emanuele il vernissage di Rosa Rigano dal titolo \u201cMondo Evanescente\u201d. Il suo percorso artistico inizia \u00a0negli anni \u201950 e \u00a0immediatamente riceve grandi apprezzamenti di pubblico e di critica, la quale le conferisce ampi riconoscimenti [&hellip;]<\/p>\n","protected":false},"author":5,"featured_media":19981,"comment_status":"closed","ping_status":"open","sticky":false,"template":"","format":"standard","meta":{"ub_ctt_via":"","_mi_skip_tracking":false},"categories":[16],"tags":[],"featured_image_src":"https:\/\/www.messinaoggi.it\/website\/wp-content\/uploads\/2018\/05\/Mondo-Evanescente-di-Rosa-Rigano-1.jpg","author_info":{"display_name":"Maria Antonella Saia","author_link":"https:\/\/www.messinaoggi.it\/website\/author\/m-saia\/"},"digistream_id":0,"digistream":false,"_links":{"self":[{"href":"https:\/\/www.messinaoggi.it\/website\/wp-json\/wp\/v2\/posts\/19980"}],"collection":[{"href":"https:\/\/www.messinaoggi.it\/website\/wp-json\/wp\/v2\/posts"}],"about":[{"href":"https:\/\/www.messinaoggi.it\/website\/wp-json\/wp\/v2\/types\/post"}],"author":[{"embeddable":true,"href":"https:\/\/www.messinaoggi.it\/website\/wp-json\/wp\/v2\/users\/5"}],"replies":[{"embeddable":true,"href":"https:\/\/www.messinaoggi.it\/website\/wp-json\/wp\/v2\/comments?post=19980"}],"version-history":[{"count":0,"href":"https:\/\/www.messinaoggi.it\/website\/wp-json\/wp\/v2\/posts\/19980\/revisions"}],"wp:featuredmedia":[{"embeddable":true,"href":"https:\/\/www.messinaoggi.it\/website\/wp-json\/wp\/v2\/media\/19981"}],"wp:attachment":[{"href":"https:\/\/www.messinaoggi.it\/website\/wp-json\/wp\/v2\/media?parent=19980"}],"wp:term":[{"taxonomy":"category","embeddable":true,"href":"https:\/\/www.messinaoggi.it\/website\/wp-json\/wp\/v2\/categories?post=19980"},{"taxonomy":"post_tag","embeddable":true,"href":"https:\/\/www.messinaoggi.it\/website\/wp-json\/wp\/v2\/tags?post=19980"}],"curies":[{"name":"wp","href":"https:\/\/api.w.org\/{rel}","templated":true}]}}